{"id":250403,"date":"2024-09-27T08:53:57","date_gmt":"2024-09-27T12:53:57","guid":{"rendered":"https:\/\/elluchador.info\/?p=250403"},"modified":"2024-09-27T08:54:02","modified_gmt":"2024-09-27T12:54:02","slug":"atleta-del-dojo-gojo-ryu-karate-do-gran-sabana-clasifico-para-el-campeonato-nacional-infantil","status":"publish","type":"post","link":"https:\/\/elluchador.info\/?p=250403","title":{"rendered":"Atleta del Dojo Gojo Ryu Karate Do Gran Sabana clasific\u00f3 para el Campeonato Nacional Infantil"},"content":{"rendered":"\n<p>Neyris Gir\u00f3n, atleta de karate perteneciente al Dojo Gojo Ryu Karate Do del municipio Gran Sabana, forma parte del equipo que representar\u00e1 al estado Bol\u00edvar en el pr\u00f3ximo Campeonato Nacional Infantil de Karate Do 2024 en la categor\u00eda 10-11 a\u00f1os, modalidad Kumite.<\/p>\n\n\n\n<p>El evento se llevar\u00e1 a cabo en la ciudad de Puerto La Cruz, estado Anzo\u00e1tegui, del 3 al 6 de octubre del presente a\u00f1o. Se espera una destacada participaci\u00f3n de la selecci\u00f3n de karate.<\/p>\n\n\n\n<p>\u00abDe acuerdo a sus capacidades y la evaluaci\u00f3n presentada, Neyris forma parte de esta selecci\u00f3n que nos representar\u00e1 pr\u00f3ximamente en estos juegos nacionales. Su esfuerzo y perseverancia le han brindado esta oportunidad. <\/p>\n\n\n\n<p>Estoy seguro de que llevamos un gran talento junto al resto de la selecci\u00f3n que la acompa\u00f1a\u00bb, manifest\u00f3 Daniel Villalobos, presidente del Club de Karate Dojo Gojo Ryu Uchiage de Gran Sabana. <\/p>\n\n\n\n<p><strong><em><mark style=\"background-color:rgba(0, 0, 0, 0)\" class=\"has-inline-color has-luminous-vivid-amber-color\">Yanitza Mart\u00ednez<\/mark><\/em><\/strong><\/p>\n","protected":false},"excerpt":{"rendered":"<p>Neyris Gir\u00f3n, atleta de karate perteneciente al Dojo Gojo Ryu Karate Do del municipio Gran Sabana, forma parte del equipo que representar\u00e1 al estado Bol\u00edvar en el pr\u00f3ximo Campeonato Nacional Infantil de Karate Do 2024 en la categor\u00eda 10-11 a\u00f1os, modalidad Kumite. El evento se llevar\u00e1 a cabo en la ciudad de Puerto La Cruz, [&hellip;]<\/p>\n","protected":false},"author":33,"featured_media":250405,"comment_status":"closed","ping_status":"closed","sticky":false,"template":"","format":"standard","meta":{"footnotes":""},"categories":[4],"tags":[185,2159],"class_list":{"0":"post-250403","1":"post","2":"type-post","3":"status-publish","4":"format-standard","5":"has-post-thumbnail","7":"category-deportes","8":"tag-bolivar","9":"tag-gran-sabana"},"_links":{"self":[{"href":"https:\/\/elluchador.info\/index.php?rest_route=\/wp\/v2\/posts\/250403","targetHints":{"allow":["GET"]}}],"collection":[{"href":"https:\/\/elluchador.info\/index.php?rest_route=\/wp\/v2\/posts"}],"about":[{"href":"https:\/\/elluchador.info\/index.php?rest_route=\/wp\/v2\/types\/post"}],"author":[{"embeddable":true,"href":"https:\/\/elluchador.info\/index.php?rest_route=\/wp\/v2\/users\/33"}],"replies":[{"embeddable":true,"href":"https:\/\/elluchador.info\/index.php?rest_route=%2Fwp%2Fv2%2Fcomments&post=250403"}],"version-history":[{"count":1,"href":"https:\/\/elluchador.info\/index.php?rest_route=\/wp\/v2\/posts\/250403\/revisions"}],"predecessor-version":[{"id":250406,"href":"https:\/\/elluchador.info\/index.php?rest_route=\/wp\/v2\/posts\/250403\/revisions\/250406"}],"wp:featuredmedia":[{"embeddable":true,"href":"https:\/\/elluchador.info\/index.php?rest_route=\/wp\/v2\/media\/250405"}],"wp:attachment":[{"href":"https:\/\/elluchador.info\/index.php?rest_route=%2Fwp%2Fv2%2Fmedia&parent=250403"}],"wp:term":[{"taxonomy":"category","embeddable":true,"href":"https:\/\/elluchador.info\/index.php?rest_route=%2Fwp%2Fv2%2Fcategories&post=250403"},{"taxonomy":"post_tag","embeddable":true,"href":"https:\/\/elluchador.info\/index.php?rest_route=%2Fwp%2Fv2%2Ftags&post=250403"}],"curies":[{"name":"wp","href":"https:\/\/api.w.org\/{rel}","templated":true}]}}