{"id":250428,"date":"2024-09-27T10:50:40","date_gmt":"2024-09-27T14:50:40","guid":{"rendered":"https:\/\/elluchador.info\/?p=250428"},"modified":"2024-09-27T10:50:45","modified_gmt":"2024-09-27T14:50:45","slug":"edmundo-gonzalez-sostuvo-encuentro-con-la-presidenta-del-parlamento-europeo","status":"publish","type":"post","link":"https:\/\/elluchador.info\/?p=250428","title":{"rendered":"Edmundo Gonz\u00e1lez sostuvo encuentro con la presidenta del Parlamento europeo"},"content":{"rendered":"\n<p>En este encuentro con la Presidenta del Parlamento Europeo, Roberta Metsola, tuve la oportunidad de hablar en nombre de Venezuela y de todos los venezolanos, como depositario de la soberan\u00eda popular, y poner de relieve lo que ha sido uno de los principales m\u00e9ritos que ha caracterizado la actuaci\u00f3n de la Eurodiputada Metsola al frente de esta C\u00e1mara, la b\u00fasqueda de dif\u00edciles consensos en un momento en el cual priva a nivel mundial un empobrecimiento y reducci\u00f3n de la libertad.<\/p>\n\n\n\n<p>\u00abNuestro pa\u00eds necesita voces como la suya para alcanzar una transici\u00f3n en paz, y construir una ruta hacia la democracia y la libertad\u00bb, destac\u00f3 el l\u00edder de oposici\u00f3n.<\/p>\n\n\n\n<p>La presidenta del Parlamento Europeo, Roberta Metsola, asegur\u00f3 este martes que \u00abEuropa debe hacer mucho m\u00e1s\u00bb ante la situaci\u00f3n en Venezuela, despu\u00e9s de reunirse brevemente en Madrid con el l\u00edder opositor venezolano Edmundo Gonz\u00e1lez Urrutia.<\/p>\n\n\n\n<p>El primer contacto en persona de Metsola con Gonz\u00e1lez, exiliado en Espa\u00f1a, consisti\u00f3 en un saludo de menos de diez minutos en el marco de un encuentro m\u00e1s largo entre el pol\u00edtico venezolano y varios dirigentes del Partido Popular (PP) espa\u00f1ol, entre ellos su l\u00edder, Alberto N\u00fa\u00f1ez Feij\u00f3o.<\/p>\n\n\n\n<p>Tanto Metsola como Gonz\u00e1lez evitaron hacer declaraciones a la salida de la reuni\u00f3n, pero la pol\u00edtica maltesa s\u00ed se refiri\u00f3 a la situaci\u00f3n en Venezuela durante el discurso que ofreci\u00f3 justo despu\u00e9s, en la clausura del Foro de la Fundaci\u00f3n FAES.<\/p>\n\n\n\n<p>\u00abEl Parlamento Europeo ha sido extremadamente claro respecto a lo que ha pasado despu\u00e9s de las elecciones en Venezuela\u00bb, dijo Metsola, en referencia a la decisi\u00f3n de la Euroc\u00e1mara de reconocer, en una resoluci\u00f3n no vinculante, a Gonz\u00e1lez como presidente leg\u00edtimo de Venezuela.<\/p>\n\n\n\n<p>\u00abEuropa tiene que hacer mucho, mucho m\u00e1s sobre esto, e implicarse m\u00e1s en la relaci\u00f3n con Latinoam\u00e9rica\u00bb, a\u00f1adi\u00f3.<\/p>\n\n\n\n<p>La presidenta de la Euroc\u00e1mara, que pertenece al Partido Popular Europeo (PPE), prometi\u00f3 que la instituci\u00f3n que lidera siempre se mantendr\u00e1 firme cuando se trate de defender las \u00abelecciones libres y justas, los derechos de los ciudadanos, la libertad y los valores democr\u00e1ticos\u00bb.<\/p>\n\n\n\n<p>Al contrario que el Parlamento Europeo, los l\u00edderes de los Estados miembros de la UE han evitado reconocer como presidente leg\u00edtimo de Venezuela a Gonz\u00e1lez, por lo que la resoluci\u00f3n aprobada la semana pasada por los eurodiputados tiene un impacto pr\u00e1ctico limitado.<\/p>\n\n\n\n<p>Gonz\u00e1lez no fue el \u00fanico opositor venezolano que asisti\u00f3 al acto de la Fundaci\u00f3n FAES en Madrid, en el que estaba prevista la participaci\u00f3n por videoconferencia por la tarde de Mar\u00eda Corina Machado.<\/p>\n\n\n\n<p>Con informaci\u00f3n <strong><em><mark style=\"background-color:rgba(0, 0, 0, 0)\" class=\"has-inline-color has-luminous-vivid-amber-color\">AFP<\/mark><\/em><\/strong><\/p>\n","protected":false},"excerpt":{"rendered":"<p>En este encuentro con la Presidenta del Parlamento Europeo, Roberta Metsola, tuve la oportunidad de hablar en nombre de Venezuela y de todos los venezolanos, como depositario de la soberan\u00eda popular, y poner de relieve lo que ha sido uno de los principales m\u00e9ritos que ha caracterizado la actuaci\u00f3n de la Eurodiputada Metsola al frente [&hellip;]<\/p>\n","protected":false},"author":33,"featured_media":250429,"comment_status":"closed","ping_status":"closed","sticky":false,"template":"","format":"standard","meta":{"footnotes":""},"categories":[11],"tags":[1947,138,856],"class_list":{"0":"post-250428","1":"post","2":"type-post","3":"status-publish","4":"format-standard","5":"has-post-thumbnail","7":"category-politica","8":"tag-edmundo-gonzalez","9":"tag-euro","10":"tag-parlamento"},"_links":{"self":[{"href":"https:\/\/elluchador.info\/index.php?rest_route=\/wp\/v2\/posts\/250428","targetHints":{"allow":["GET"]}}],"collection":[{"href":"https:\/\/elluchador.info\/index.php?rest_route=\/wp\/v2\/posts"}],"about":[{"href":"https:\/\/elluchador.info\/index.php?rest_route=\/wp\/v2\/types\/post"}],"author":[{"embeddable":true,"href":"https:\/\/elluchador.info\/index.php?rest_route=\/wp\/v2\/users\/33"}],"replies":[{"embeddable":true,"href":"https:\/\/elluchador.info\/index.php?rest_route=%2Fwp%2Fv2%2Fcomments&post=250428"}],"version-history":[{"count":1,"href":"https:\/\/elluchador.info\/index.php?rest_route=\/wp\/v2\/posts\/250428\/revisions"}],"predecessor-version":[{"id":250430,"href":"https:\/\/elluchador.info\/index.php?rest_route=\/wp\/v2\/posts\/250428\/revisions\/250430"}],"wp:featuredmedia":[{"embeddable":true,"href":"https:\/\/elluchador.info\/index.php?rest_route=\/wp\/v2\/media\/250429"}],"wp:attachment":[{"href":"https:\/\/elluchador.info\/index.php?rest_route=%2Fwp%2Fv2%2Fmedia&parent=250428"}],"wp:term":[{"taxonomy":"category","embeddable":true,"href":"https:\/\/elluchador.info\/index.php?rest_route=%2Fwp%2Fv2%2Fcategories&post=250428"},{"taxonomy":"post_tag","embeddable":true,"href":"https:\/\/elluchador.info\/index.php?rest_route=%2Fwp%2Fv2%2Ftags&post=250428"}],"curies":[{"name":"wp","href":"https:\/\/api.w.org\/{rel}","templated":true}]}}