{"id":250554,"date":"2024-09-27T18:07:00","date_gmt":"2024-09-27T22:07:00","guid":{"rendered":"https:\/\/elluchador.info\/?p=250554"},"modified":"2024-09-27T17:30:56","modified_gmt":"2024-09-27T21:30:56","slug":"karol-g-anuncia-su-retiro-temporal-de-los-escenarios","status":"publish","type":"post","link":"https:\/\/elluchador.info\/?p=250554","title":{"rendered":"Karol G anuncia su retiro temporal de los escenarios"},"content":{"rendered":"\n<p>La cantante colombiana Karol G, anunci\u00f3 su retiro temporal de los escenarios, tras una gira mundial que la ha llevado a recorrer los continentes durante m\u00e1s de un a\u00f1o.<\/p>\n\n\n\n<p>A trav\u00e9s de su canal de Telegram dijo que se tomar\u00e1 un descanso por un tiempo y comparti\u00f3 un mensaje muy bonito para sus seguidores, agradeci\u00e9ndoles por todo el apoyo.<\/p>\n\n\n\n<p>Igualmente, la artista colombiana se\u00f1al\u00f3 que despu\u00e9s de 14 meses de conciertos, necesita un respiro y quiere recargar energ\u00edas para lo que viene.<\/p>\n\n\n\n<p>\u201cEstaba muy nerviosa. Ten\u00eda el coraz\u00f3n que se me sal\u00eda todo el tiempo. Ese fue el \u00faltimo show del a\u00f1o. Gracias por ser tan incondicionales conmigo! \u00a1Nunca doy por sentado ese amor y, por el contrario, cada d\u00eda me sorprenden m\u00e1s con las cosas que est\u00e1n dispuestas a hacer por m\u00ed! Gracias al fans club de Chile que hizo presencia en Brasil\u2026 gracias a todos por el apoyo, gracias por creer en m\u00ed\u2026 gracias infinitas por sus oraciones tambi\u00e9n y gracias por haber hecho cada lanzamiento, show\u2026 cada momento especial este \u00faltimo a\u00f1o. \u00a1El amor y gratitud que siento por ustedes me supera!\u201d, finaliz\u00f3.<\/p>\n\n\n\n<p>\u201cLos voy a extra\u00f1ar mucho en los escenarios \u2026 La verdad es mi parte favorita de lo que hago, cantar con ustedes. \u00a1Los Amo! Gracias por tanto amor\u201d. Tambi\u00e9n public\u00f3 Karol G en su cuenta de Instagram, sobre su retiro temporal de los escenarios.<\/p>\n\n\n\n<p><strong><em>Con informaci\u00f3n de medios<\/em><\/strong><\/p>\n","protected":false},"excerpt":{"rendered":"<p>La cantante colombiana Karol G, anunci\u00f3 su retiro temporal de los escenarios, tras una gira mundial que la ha llevado a recorrer los continentes durante m\u00e1s de un a\u00f1o. A trav\u00e9s de su canal de Telegram dijo que se tomar\u00e1 un descanso por un tiempo y comparti\u00f3 un mensaje muy bonito para sus seguidores, agradeci\u00e9ndoles [&hellip;]<\/p>\n","protected":false},"author":2,"featured_media":250555,"comment_status":"closed","ping_status":"closed","sticky":false,"template":"","format":"standard","meta":{"footnotes":""},"categories":[7],"tags":[],"class_list":{"0":"post-250554","1":"post","2":"type-post","3":"status-publish","4":"format-standard","5":"has-post-thumbnail","7":"category-entretenimiento"},"_links":{"self":[{"href":"https:\/\/elluchador.info\/index.php?rest_route=\/wp\/v2\/posts\/250554","targetHints":{"allow":["GET"]}}],"collection":[{"href":"https:\/\/elluchador.info\/index.php?rest_route=\/wp\/v2\/posts"}],"about":[{"href":"https:\/\/elluchador.info\/index.php?rest_route=\/wp\/v2\/types\/post"}],"author":[{"embeddable":true,"href":"https:\/\/elluchador.info\/index.php?rest_route=\/wp\/v2\/users\/2"}],"replies":[{"embeddable":true,"href":"https:\/\/elluchador.info\/index.php?rest_route=%2Fwp%2Fv2%2Fcomments&post=250554"}],"version-history":[{"count":1,"href":"https:\/\/elluchador.info\/index.php?rest_route=\/wp\/v2\/posts\/250554\/revisions"}],"predecessor-version":[{"id":250556,"href":"https:\/\/elluchador.info\/index.php?rest_route=\/wp\/v2\/posts\/250554\/revisions\/250556"}],"wp:featuredmedia":[{"embeddable":true,"href":"https:\/\/elluchador.info\/index.php?rest_route=\/wp\/v2\/media\/250555"}],"wp:attachment":[{"href":"https:\/\/elluchador.info\/index.php?rest_route=%2Fwp%2Fv2%2Fmedia&parent=250554"}],"wp:term":[{"taxonomy":"category","embeddable":true,"href":"https:\/\/elluchador.info\/index.php?rest_route=%2Fwp%2Fv2%2Fcategories&post=250554"},{"taxonomy":"post_tag","embeddable":true,"href":"https:\/\/elluchador.info\/index.php?rest_route=%2Fwp%2Fv2%2Ftags&post=250554"}],"curies":[{"name":"wp","href":"https:\/\/api.w.org\/{rel}","templated":true}]}}