{"id":250560,"date":"2024-09-27T18:27:00","date_gmt":"2024-09-27T22:27:00","guid":{"rendered":"https:\/\/elluchador.info\/?p=250560"},"modified":"2024-09-27T17:33:37","modified_gmt":"2024-09-27T21:33:37","slug":"johnny-depp-se-vuelve-a-vestir-de-jack-sparrow-por-una-buena-causa-asi-fue-su-visita-a-los-ninos-del-hospital-de-donostia","status":"publish","type":"post","link":"https:\/\/elluchador.info\/?p=250560","title":{"rendered":"Johnny Depp se vuelve a vestir de Jack Sparrow por una buena causa: As\u00ed fue su visita a los ni\u00f1os del Hospital de Donostia"},"content":{"rendered":"\n<p>Es el actor de los mil rostros, porque hay pocas pel\u00edculas en las que se haya visto su cara tal y como es. Con peinados extravagantes en Cry baby, tijeras por manos con Eduardo Manostijeras, maquillaje de apache en El llanero solitario o muchos sombreros, ya sea en Charlie y la f\u00e1brica de chocolate o Alicia en el pa\u00eds de las maravillas, Johnny Depp se ha convertido en un maestro del disfraz. No obstante, pocos disfraces ha tenido m\u00e1s ic\u00f3nicos como el del Capit\u00e1n Jack Sparrow de la saga Piratas del Caribe.Un traje que se acaba de volver a poner despu\u00e9s de mucho tiempo, y con motivo de una muy buena causa. Aprovechando su paso por Espa\u00f1a, y en concreto por el Festival de San Sebasti\u00e1n, el actor tuvo un detalle que pocos olvidar\u00e1n. Depp acudi\u00f3 al Hospital de Donostia para visitar a los ni\u00f1os de las plantas de oncolog\u00eda y pediatr\u00eda. Pero no de cualquier forma, sino que el actor tuvo la brillante idea de presentarse ataviado con su caracter\u00edstico traje de pirata, el mismo por el que lo recordaban e identificaban todos aquellos ni\u00f1os.<\/p>\n\n\n\n<p><img decoding=\"async\" src=\"https:\/\/gbvm.knoios.com\/mmedia\/19993\/7jpg-28799.jpg\"><\/p>\n\n\n\n<p>As\u00ed regal\u00f3 una imagen para el recuerdo, con el sombrero, la barba, las botas y las joyas del Capit\u00e1n Jack Sparrow, mientras iba saludando a todos y cada uno de los ni\u00f1os all\u00ed presentes, a los que se ve\u00eda visiblemente emocionados. Depp no solo se hab\u00eda pasado por el hospital, sino que adem\u00e1s charlaba con ellos e incluso se sacaba fotos junto a los ni\u00f1os, que por un d\u00eda dej\u00f3 atr\u00e1s la muchedumbre del Festival de San Sebasti\u00e1n para hacer compa\u00f1\u00eda a otros. Este gesto ya lo ha tenido en hospitales de otras ciudades como Londres o Par\u00eds, y es la \u00fanica forma de ver a Depp de vuelta en su cl\u00e1sico traje, ya que lleva apartado de la saga desde la \u00faltima entrega, Piratas del Caribe: La venganza de Salazar (junto a Javier Bardem), sin visos de volver a la franquicia por el momento.<\/p>\n\n\n\n<figure class=\"wp-block-image\"><img decoding=\"async\" src=\"https:\/\/gbvm.knoios.com\/mmedia\/19993\/6jpg-28798.jpg\" alt=\"\"\/><\/figure>\n\n\n\n<p><strong>Su regreso, tambi\u00e9n como director<br><\/strong><br>M\u00e1s all\u00e1 de su visita al Hospital de Donostia, el actor de Ed Wood visitaba Espa\u00f1a para presentar su nueva pel\u00edcula. No como actor, una faceta que ha ido dejando en un segundo plano si bien el a\u00f1o pasado protagoniz\u00f3 la pel\u00edcula que abri\u00f3 el Festival de Cannes, Jeanne du Barry. Lo ha hecho como director, un papel casi in\u00e9dito en su carrera, ya que hasta la fecha solo hab\u00eda dirigido una pel\u00edcula, y fue hace ya m\u00e1s de 25 a\u00f1os, en 1997 con The Brave, en la que ten\u00eda a sus \u00f3rdenes nada menos que a Marlon Brando.<\/p>\n\n\n\n<p>En esta ocasi\u00f3n su regreso como director ha sido con Modi, Three Days on the Wing of Madness, pel\u00edcula de producci\u00f3n brit\u00e1nica pero que cuenta con un reparto internacional, que va desde el italiano Riccardo Scamarcio (A Roma con amor), al brit\u00e1nico Stephen Graham (El irland\u00e9s) pasando por el mism\u00edsimo Al Pacino. Bas\u00e1ndose en la obra hom\u00f3nima de Dennis McIntyre, autor de la infravalorada cinta de g\u00e1ngsters El clan de los irlandeses, la pel\u00edcula cuenta lo que le sucede en apenas tres d\u00edas a Amedeo Modigliani, un pintor en la Par\u00eds de la Primera Guerra Mundial que se ve sin dinero y perseguido por la polic\u00eda y que tiene que tomar una dr\u00e1stica decisi\u00f3n cuando se cruza en el camino de un marchante de arte americano. Tras su paso por San Sebasti\u00e1n, la pel\u00edcula se podr\u00e1 ver en cines a partir del a\u00f1o que viene.<\/p>\n\n\n\n<p><strong>Con informaci\u00f3n de Infobae<\/strong>\u00a0<\/p>\n","protected":false},"excerpt":{"rendered":"<p>Es el actor de los mil rostros, porque hay pocas pel\u00edculas en las que se haya visto su cara tal y como es. Con peinados extravagantes en Cry baby, tijeras por manos con Eduardo Manostijeras, maquillaje de apache en El llanero solitario o muchos sombreros, ya sea en Charlie y la f\u00e1brica de chocolate o [&hellip;]<\/p>\n","protected":false},"author":2,"featured_media":250561,"comment_status":"closed","ping_status":"closed","sticky":false,"template":"","format":"standard","meta":{"footnotes":""},"categories":[7],"tags":[],"class_list":{"0":"post-250560","1":"post","2":"type-post","3":"status-publish","4":"format-standard","5":"has-post-thumbnail","7":"category-entretenimiento"},"_links":{"self":[{"href":"https:\/\/elluchador.info\/index.php?rest_route=\/wp\/v2\/posts\/250560","targetHints":{"allow":["GET"]}}],"collection":[{"href":"https:\/\/elluchador.info\/index.php?rest_route=\/wp\/v2\/posts"}],"about":[{"href":"https:\/\/elluchador.info\/index.php?rest_route=\/wp\/v2\/types\/post"}],"author":[{"embeddable":true,"href":"https:\/\/elluchador.info\/index.php?rest_route=\/wp\/v2\/users\/2"}],"replies":[{"embeddable":true,"href":"https:\/\/elluchador.info\/index.php?rest_route=%2Fwp%2Fv2%2Fcomments&post=250560"}],"version-history":[{"count":1,"href":"https:\/\/elluchador.info\/index.php?rest_route=\/wp\/v2\/posts\/250560\/revisions"}],"predecessor-version":[{"id":250562,"href":"https:\/\/elluchador.info\/index.php?rest_route=\/wp\/v2\/posts\/250560\/revisions\/250562"}],"wp:featuredmedia":[{"embeddable":true,"href":"https:\/\/elluchador.info\/index.php?rest_route=\/wp\/v2\/media\/250561"}],"wp:attachment":[{"href":"https:\/\/elluchador.info\/index.php?rest_route=%2Fwp%2Fv2%2Fmedia&parent=250560"}],"wp:term":[{"taxonomy":"category","embeddable":true,"href":"https:\/\/elluchador.info\/index.php?rest_route=%2Fwp%2Fv2%2Fcategories&post=250560"},{"taxonomy":"post_tag","embeddable":true,"href":"https:\/\/elluchador.info\/index.php?rest_route=%2Fwp%2Fv2%2Ftags&post=250560"}],"curies":[{"name":"wp","href":"https:\/\/api.w.org\/{rel}","templated":true}]}}