{"id":250578,"date":"2024-09-28T08:00:00","date_gmt":"2024-09-28T12:00:00","guid":{"rendered":"https:\/\/elluchador.info\/?p=250578"},"modified":"2024-09-27T23:55:07","modified_gmt":"2024-09-28T03:55:07","slug":"comunidades-indigenas-de-bolivar-realizan-asambleas-del-bloque-historico","status":"publish","type":"post","link":"https:\/\/elluchador.info\/?p=250578","title":{"rendered":"Comunidades ind\u00edgenas de Bol\u00edvar realizan asambleas del Bloque Hist\u00f3rico"},"content":{"rendered":"\n<p>Con el prop\u00f3sito de recopilar propuestas comunitarias que respeten sus costumbres, las comunidades ind\u00edgenas del estado Bol\u00edvar, han desarrollado diversas asambleas del Bloque Hist\u00f3rico, en preparaci\u00f3n para el Gran Congreso Nacional de las Cinco Generaciones de la Revoluci\u00f3n.<\/p>\n\n\n\n<p>El vicepresidente sectorial de planificaci\u00f3n, Ricardo Men\u00e9ndez, recalc\u00f3 la importancia de estas asambleas: \u201cLos pueblos ind\u00edgenas buscan una transformaci\u00f3n que profundice la democracia y adapten territorialmente sus comunidades dentro del bloque hist\u00f3rico; estas propuestas son esenciales para visualizar el futuro hacia el a\u00f1o 2030\u201d.<\/p>\n\n\n\n<figure class=\"wp-block-image size-full\"><img loading=\"lazy\" decoding=\"async\" width=\"719\" height=\"478\" src=\"https:\/\/elluchador.info\/wp-content\/uploads\/2024\/09\/SaveClip.App_461327188_18365002006104187_3251717472494658119_n.jpg\" alt=\"\" class=\"wp-image-250580\" srcset=\"https:\/\/elluchador.info\/wp-content\/uploads\/2024\/09\/SaveClip.App_461327188_18365002006104187_3251717472494658119_n.jpg 719w, https:\/\/elluchador.info\/wp-content\/uploads\/2024\/09\/SaveClip.App_461327188_18365002006104187_3251717472494658119_n-300x199.jpg 300w, https:\/\/elluchador.info\/wp-content\/uploads\/2024\/09\/SaveClip.App_461327188_18365002006104187_3251717472494658119_n-150x100.jpg 150w, https:\/\/elluchador.info\/wp-content\/uploads\/2024\/09\/SaveClip.App_461327188_18365002006104187_3251717472494658119_n-696x463.jpg 696w\" sizes=\"auto, (max-width: 719px) 100vw, 719px\" \/><\/figure>\n\n\n\n<p>Durante las asambleas, los pueblos ind\u00edgenas han presentado sus proyectos prioritarios, abordando temas cruciales para su desarrollo. Men\u00e9ndez enfatiz\u00f3 la necesidad de que cada organizaci\u00f3n y comunidad cargue sus discusiones y propuestas en la p\u00e1gina web del Congreso del Bloque Hist\u00f3rico https:\/\/congresodelbloquehistorico.mppp.gob.ve lo cual permitir\u00e1 avanzar en los proyectos necesarios para cada comunidad.<\/p>\n\n\n\n<p>Por su parte, la ministra del Poder Popular para los Pueblos Ind\u00edgenas, Clara Vidal, tambi\u00e9n particip\u00f3 en las asambleas y resalt\u00f3 la importancia de conocer las prioridades de cada pueblo ind\u00edgena. Vidal, afirm\u00f3 que estas prioridades son fundamentales para construir una visi\u00f3n integral para el pueblo ind\u00edgena.<\/p>\n\n\n\n<p>El gobernador del estado Bol\u00edvar, \u00c1ngel Marcano, expres\u00f3 su confianza en que se seguir\u00e1n con las diversas propuestas durante las asambleas para fortalecer la democracia directa de los pueblos ind\u00edgenas.<\/p>\n\n\n\n<p>A lo largo de este mes, las comunidades ind\u00edgenas continuar\u00e1n con asambleas para seguir con los proyectos que promuevan la democracia directa y la preservaci\u00f3n de su cultura y valores.<\/p>\n\n\n\n<p>Con informaci\u00f3n de <strong>agencias.-<\/strong><\/p>\n","protected":false},"excerpt":{"rendered":"<p>Con el prop\u00f3sito de recopilar propuestas comunitarias que respeten sus costumbres, las comunidades ind\u00edgenas del estado Bol\u00edvar, han desarrollado diversas asambleas del Bloque Hist\u00f3rico, en preparaci\u00f3n para el Gran Congreso Nacional de las Cinco Generaciones de la Revoluci\u00f3n. El vicepresidente sectorial de planificaci\u00f3n, Ricardo Men\u00e9ndez, recalc\u00f3 la importancia de estas asambleas: \u201cLos pueblos ind\u00edgenas buscan [&hellip;]<\/p>\n","protected":false},"author":38,"featured_media":250579,"comment_status":"closed","ping_status":"closed","sticky":false,"template":"","format":"standard","meta":{"footnotes":""},"categories":[5,12],"tags":[185,306],"class_list":{"0":"post-250578","1":"post","2":"type-post","3":"status-publish","4":"format-standard","5":"has-post-thumbnail","7":"category-destacado","8":"category-regionales","9":"tag-bolivar","10":"tag-ciudad-bolivar"},"_links":{"self":[{"href":"https:\/\/elluchador.info\/index.php?rest_route=\/wp\/v2\/posts\/250578","targetHints":{"allow":["GET"]}}],"collection":[{"href":"https:\/\/elluchador.info\/index.php?rest_route=\/wp\/v2\/posts"}],"about":[{"href":"https:\/\/elluchador.info\/index.php?rest_route=\/wp\/v2\/types\/post"}],"author":[{"embeddable":true,"href":"https:\/\/elluchador.info\/index.php?rest_route=\/wp\/v2\/users\/38"}],"replies":[{"embeddable":true,"href":"https:\/\/elluchador.info\/index.php?rest_route=%2Fwp%2Fv2%2Fcomments&post=250578"}],"version-history":[{"count":1,"href":"https:\/\/elluchador.info\/index.php?rest_route=\/wp\/v2\/posts\/250578\/revisions"}],"predecessor-version":[{"id":250581,"href":"https:\/\/elluchador.info\/index.php?rest_route=\/wp\/v2\/posts\/250578\/revisions\/250581"}],"wp:featuredmedia":[{"embeddable":true,"href":"https:\/\/elluchador.info\/index.php?rest_route=\/wp\/v2\/media\/250579"}],"wp:attachment":[{"href":"https:\/\/elluchador.info\/index.php?rest_route=%2Fwp%2Fv2%2Fmedia&parent=250578"}],"wp:term":[{"taxonomy":"category","embeddable":true,"href":"https:\/\/elluchador.info\/index.php?rest_route=%2Fwp%2Fv2%2Fcategories&post=250578"},{"taxonomy":"post_tag","embeddable":true,"href":"https:\/\/elluchador.info\/index.php?rest_route=%2Fwp%2Fv2%2Ftags&post=250578"}],"curies":[{"name":"wp","href":"https:\/\/api.w.org\/{rel}","templated":true}]}}