{"id":251012,"date":"2024-09-30T18:39:24","date_gmt":"2024-09-30T22:39:24","guid":{"rendered":"https:\/\/elluchador.info\/?p=251012"},"modified":"2024-09-30T18:39:28","modified_gmt":"2024-09-30T22:39:28","slug":"bolivia-decreta-desastre-nacional-por-incendios-forestales","status":"publish","type":"post","link":"https:\/\/elluchador.info\/?p=251012","title":{"rendered":"Bolivia decreta \u00abdesastre nacional\u00bb por incendios forestales"},"content":{"rendered":"\n<p>El gobierno de Bolivia decret\u00f3 este lunes \u00abdesastre nacional\u00bb por los incendios forestales sin precedentes que afectan sobre todo a Santa Cruz, el departamento m\u00e1s rico y poblado del pa\u00eds.<\/p>\n\n\n\n<p>El decreto permitir\u00e1 canalizar la ayuda internacional y transferir recursos econ\u00f3micos desde el gobierno central a las gobernaciones departamentales.<\/p>\n\n\n\n<p>El presidente Luis Arce firm\u00f3 la norma \u00aba causa de la magnitud de impacto de los da\u00f1os causados por la presencia de incendios en el territorio nacional\u00bb. La ministra de la Presidencia, Mar\u00eda Nela Prada, ley\u00f3 el decreto en un acto en Santa Cruz, en el que estuvo presente Arce.<\/p>\n\n\n\n<p>El \u00faltimo reporte oficial del poder ejecutivo, de principios de septiembre, advirti\u00f3 que en el pa\u00eds se han destruido 3,8 millones de hect\u00e1reas de bosques y pastizales.<\/p>\n\n\n\n<p><strong>Santa Cruz sufre el \u00abmayor desastre ambiental\u00bb de su historia<\/strong><\/p>\n\n\n\n<p>La gobernaci\u00f3n de Santa Cruz, la m\u00e1s castigada por los incendios, precis\u00f3 que solo en esta regi\u00f3n ya se hab\u00edan consumido 7,2 millones de hect\u00e1reas hasta la semana pasada, una cifra que supera las 4,2 millones reportadas en 2019.<\/p>\n\n\n\n<p>Seg\u00fan las autoridades departamentales, se tratar\u00eda del \u00abmayor desastre ambiental\u00bb sufrido en esta regi\u00f3n, que alberga a 27 % de la poblaci\u00f3n nacional. Otro departamento afectado es Beni, en la Amazonia boliviana, en el noreste del pa\u00eds.<\/p>\n\n\n\n<p>Seg\u00fan el Observatorio Regional Amaz\u00f3nico, en los \u00faltimos cinco a\u00f1os el fuego ha destruido cerca de medio mill\u00f3n de hect\u00e1reas de la Amazonia, en particular en Brasil y Bolivia.<\/p>\n\n\n\n<p>La quema de bosques es una pr\u00e1ctica ancestral entre los agricultores de Bolivia, que comienza entre los meses de marzo y abril y se prolonga hasta septiembre y octubre. Este a\u00f1o, la sequ\u00eda, las pocas lluvias y el cambio clim\u00e1tico provocaron que los fuegos se expandan, asegur\u00f3 la gobernaci\u00f3n de Santa Cruz el viernes.<\/p>\n\n\n\n<p>Con informaci\u00f3n <strong><em><mark style=\"background-color:rgba(0, 0, 0, 0)\" class=\"has-inline-color has-vivid-cyan-blue-color\">AFP<\/mark><\/em><\/strong><\/p>\n","protected":false},"excerpt":{"rendered":"<p>El gobierno de Bolivia decret\u00f3 este lunes \u00abdesastre nacional\u00bb por los incendios forestales sin precedentes que afectan sobre todo a Santa Cruz, el departamento m\u00e1s rico y poblado del pa\u00eds. El decreto permitir\u00e1 canalizar la ayuda internacional y transferir recursos econ\u00f3micos desde el gobierno central a las gobernaciones departamentales. El presidente Luis Arce firm\u00f3 la [&hellip;]<\/p>\n","protected":false},"author":33,"featured_media":251013,"comment_status":"closed","ping_status":"closed","sticky":false,"template":"","format":"standard","meta":{"footnotes":""},"categories":[8],"tags":[543,1507,1506],"class_list":{"0":"post-251012","1":"post","2":"type-post","3":"status-publish","4":"format-standard","5":"has-post-thumbnail","7":"category-internacionales","8":"tag-bolivia","9":"tag-forestales","10":"tag-incendios"},"_links":{"self":[{"href":"https:\/\/elluchador.info\/index.php?rest_route=\/wp\/v2\/posts\/251012","targetHints":{"allow":["GET"]}}],"collection":[{"href":"https:\/\/elluchador.info\/index.php?rest_route=\/wp\/v2\/posts"}],"about":[{"href":"https:\/\/elluchador.info\/index.php?rest_route=\/wp\/v2\/types\/post"}],"author":[{"embeddable":true,"href":"https:\/\/elluchador.info\/index.php?rest_route=\/wp\/v2\/users\/33"}],"replies":[{"embeddable":true,"href":"https:\/\/elluchador.info\/index.php?rest_route=%2Fwp%2Fv2%2Fcomments&post=251012"}],"version-history":[{"count":1,"href":"https:\/\/elluchador.info\/index.php?rest_route=\/wp\/v2\/posts\/251012\/revisions"}],"predecessor-version":[{"id":251014,"href":"https:\/\/elluchador.info\/index.php?rest_route=\/wp\/v2\/posts\/251012\/revisions\/251014"}],"wp:featuredmedia":[{"embeddable":true,"href":"https:\/\/elluchador.info\/index.php?rest_route=\/wp\/v2\/media\/251013"}],"wp:attachment":[{"href":"https:\/\/elluchador.info\/index.php?rest_route=%2Fwp%2Fv2%2Fmedia&parent=251012"}],"wp:term":[{"taxonomy":"category","embeddable":true,"href":"https:\/\/elluchador.info\/index.php?rest_route=%2Fwp%2Fv2%2Fcategories&post=251012"},{"taxonomy":"post_tag","embeddable":true,"href":"https:\/\/elluchador.info\/index.php?rest_route=%2Fwp%2Fv2%2Ftags&post=251012"}],"curies":[{"name":"wp","href":"https:\/\/api.w.org\/{rel}","templated":true}]}}