{"id":251202,"date":"2024-10-02T10:14:44","date_gmt":"2024-10-02T14:14:44","guid":{"rendered":"https:\/\/elluchador.info\/?p=251202"},"modified":"2024-10-02T13:27:20","modified_gmt":"2024-10-02T17:27:20","slug":"bolivar-dio-la-bienvenida-a-las-navidades-felices-2024","status":"publish","type":"post","link":"https:\/\/elluchador.info\/?p=251202","title":{"rendered":"Gobernador de Bol\u00edvar dio la bienvenida a las Navidades Felices 2024"},"content":{"rendered":"\n<p>El gobernador del estado Bol\u00edvar, \u00c1ngel Marcano, dio palabras de bienvenida y dirigi\u00f3 el conteo regresivo del encendido, en compa\u00f1\u00eda del alcalde del municipio Caron\u00ed, Tito Oviedo, y de todo el gabinete ejecutivo.<\/p>\n\n\n\n<p>\u201cDimos una demostraci\u00f3n contundente del liderazgo del presidente Nicol\u00e1s Maduro, el pueblo de Bol\u00edvar festej\u00f3 y bail\u00f3, demostr\u00e1ndole al mundo que somos una tierra de paz\u201d, dijo, Marcano.<\/p>\n\n\n\n<figure class=\"wp-block-gallery has-nested-images columns-default is-cropped wp-block-gallery-1 is-layout-flex wp-block-gallery-is-layout-flex\">\n<figure class=\"wp-block-image size-large\"><img loading=\"lazy\" decoding=\"async\" width=\"1024\" height=\"683\" data-id=\"251204\" src=\"https:\/\/elluchador.info\/wp-content\/uploads\/2024\/10\/3-Navidad--1024x683.jpg\" alt=\"\" class=\"wp-image-251204\" srcset=\"https:\/\/elluchador.info\/wp-content\/uploads\/2024\/10\/3-Navidad--1024x683.jpg 1024w, https:\/\/elluchador.info\/wp-content\/uploads\/2024\/10\/3-Navidad--300x200.jpg 300w, https:\/\/elluchador.info\/wp-content\/uploads\/2024\/10\/3-Navidad--768x512.jpg 768w, https:\/\/elluchador.info\/wp-content\/uploads\/2024\/10\/3-Navidad--150x100.jpg 150w, https:\/\/elluchador.info\/wp-content\/uploads\/2024\/10\/3-Navidad--696x464.jpg 696w, https:\/\/elluchador.info\/wp-content\/uploads\/2024\/10\/3-Navidad-.jpg 1032w\" sizes=\"auto, (max-width: 1024px) 100vw, 1024px\" \/><figcaption class=\"wp-element-caption\">Navidad es sin\u00f3nimo de paz y uni\u00f3n<\/figcaption><\/figure>\n\n\n\n<figure class=\"wp-block-image size-large\"><img loading=\"lazy\" decoding=\"async\" width=\"1024\" height=\"683\" data-id=\"251203\" src=\"https:\/\/elluchador.info\/wp-content\/uploads\/2024\/10\/4-Navidad--1024x683.jpg\" alt=\"\" class=\"wp-image-251203\" srcset=\"https:\/\/elluchador.info\/wp-content\/uploads\/2024\/10\/4-Navidad--1024x683.jpg 1024w, https:\/\/elluchador.info\/wp-content\/uploads\/2024\/10\/4-Navidad--300x200.jpg 300w, https:\/\/elluchador.info\/wp-content\/uploads\/2024\/10\/4-Navidad--768x512.jpg 768w, https:\/\/elluchador.info\/wp-content\/uploads\/2024\/10\/4-Navidad--150x100.jpg 150w, https:\/\/elluchador.info\/wp-content\/uploads\/2024\/10\/4-Navidad--696x464.jpg 696w, https:\/\/elluchador.info\/wp-content\/uploads\/2024\/10\/4-Navidad-.jpg 1032w\" sizes=\"auto, (max-width: 1024px) 100vw, 1024px\" \/><figcaption class=\"wp-element-caption\">Agrupaciones musicales pusieron a bailar a toda la multitud<\/figcaption><\/figure>\n<\/figure>\n\n\n\n<p>Asegur\u00f3 que esta hermosa tradici\u00f3n forma parte de las actividades programadas por parte de la Gobernaci\u00f3n del estado Bol\u00edvar para anunciar la llegada de la temporada decembrina,<br>que llama a la reconciliaci\u00f3n, al encuentro familiar y a la paz entre hermanos. <\/p>\n\n\n\n<p><strong>M\u00fasica<\/strong><\/p>\n\n\n\n<p>El toque navide\u00f1o estuvo a cargo de la agrupaci\u00f3n zuliana Cardenales del \u00c9xito y Song de la Herencia, quienes encendieron el lugar con ritmos tradicionales de aguinaldos, parrandas<br>y melod\u00edas, poniendo a bailar a todos los presentes.<\/p>\n\n\n\n<p><em>Los vallenateros;<\/em> Cristian Maza y Alfonso Salazar, tambi\u00e9n formaron parte del espect\u00e1culo<br>musical, como invitados especiales.<\/p>\n\n\n\n<figure class=\"wp-block-gallery has-nested-images columns-default is-cropped wp-block-gallery-2 is-layout-flex wp-block-gallery-is-layout-flex\">\n<figure class=\"wp-block-image size-large\"><img loading=\"lazy\" decoding=\"async\" width=\"1024\" height=\"682\" data-id=\"251205\" src=\"https:\/\/elluchador.info\/wp-content\/uploads\/2024\/10\/5-Navidad-1024x682.jpg\" alt=\"\" class=\"wp-image-251205\" srcset=\"https:\/\/elluchador.info\/wp-content\/uploads\/2024\/10\/5-Navidad-1024x682.jpg 1024w, https:\/\/elluchador.info\/wp-content\/uploads\/2024\/10\/5-Navidad-300x200.jpg 300w, https:\/\/elluchador.info\/wp-content\/uploads\/2024\/10\/5-Navidad-768x511.jpg 768w, https:\/\/elluchador.info\/wp-content\/uploads\/2024\/10\/5-Navidad-150x100.jpg 150w, https:\/\/elluchador.info\/wp-content\/uploads\/2024\/10\/5-Navidad-696x463.jpg 696w, https:\/\/elluchador.info\/wp-content\/uploads\/2024\/10\/5-Navidad-1068x711.jpg 1068w, https:\/\/elluchador.info\/wp-content\/uploads\/2024\/10\/5-Navidad.jpg 1080w\" sizes=\"auto, (max-width: 1024px) 100vw, 1024px\" \/><figcaption class=\"wp-element-caption\">Familias guayanesas disfrutaron del encendido navide\u00f1o<\/figcaption><\/figure>\n\n\n\n<figure class=\"wp-block-image size-large\"><img loading=\"lazy\" decoding=\"async\" width=\"1024\" height=\"683\" data-id=\"251206\" src=\"https:\/\/elluchador.info\/wp-content\/uploads\/2024\/10\/6-navidad-1024x683.jpg\" alt=\"\" class=\"wp-image-251206\" srcset=\"https:\/\/elluchador.info\/wp-content\/uploads\/2024\/10\/6-navidad-1024x683.jpg 1024w, https:\/\/elluchador.info\/wp-content\/uploads\/2024\/10\/6-navidad-300x200.jpg 300w, https:\/\/elluchador.info\/wp-content\/uploads\/2024\/10\/6-navidad-768x512.jpg 768w, https:\/\/elluchador.info\/wp-content\/uploads\/2024\/10\/6-navidad-150x100.jpg 150w, https:\/\/elluchador.info\/wp-content\/uploads\/2024\/10\/6-navidad-696x464.jpg 696w, https:\/\/elluchador.info\/wp-content\/uploads\/2024\/10\/6-navidad.jpg 1032w\" sizes=\"auto, (max-width: 1024px) 100vw, 1024px\" \/><figcaption class=\"wp-element-caption\">La magia de la Navidad se sinti\u00f3 en el parque Cachamay<\/figcaption><\/figure>\n<\/figure>\n\n\n\n<p>Adem\u00e1s, en representaci\u00f3n del calipso, aut\u00f3ctono de la regi\u00f3n, estuvo Junior Bamba y su producci\u00f3n BambaShow, cerrando con broche de oro la celebraci\u00f3n.<\/p>\n\n\n\n<p><strong>Encendido navide\u00f1o<\/strong><\/p>\n\n\n\n<p>El Gobernador destac\u00f3 que por primera vez se realiza este tipo de eventos, en un espacio natural de la ciudad, resaltando su belleza para que las familias de Bol\u00edvar disfrutaran de<br>esta gran fiesta.<\/p>\n\n\n\n<p>\u201cEl pueblo merece esta celebraci\u00f3n, por las luchas que hemos venido enfrentando y cada<br>d\u00eda su apoyo se nota en cada convocatoria, nosotros queremos vivir en paz y en alegr\u00eda\u201d,<br>expres\u00f3, Marcano.<\/p>\n\n\n<div class=\"wp-block-image\">\n<figure class=\"aligncenter size-large\"><img loading=\"lazy\" decoding=\"async\" width=\"1024\" height=\"683\" src=\"https:\/\/elluchador.info\/wp-content\/uploads\/2024\/10\/2-Navidad--1024x683.jpg\" alt=\"\" class=\"wp-image-251207\" srcset=\"https:\/\/elluchador.info\/wp-content\/uploads\/2024\/10\/2-Navidad--1024x683.jpg 1024w, https:\/\/elluchador.info\/wp-content\/uploads\/2024\/10\/2-Navidad--300x200.jpg 300w, https:\/\/elluchador.info\/wp-content\/uploads\/2024\/10\/2-Navidad--768x512.jpg 768w, https:\/\/elluchador.info\/wp-content\/uploads\/2024\/10\/2-Navidad--150x100.jpg 150w, https:\/\/elluchador.info\/wp-content\/uploads\/2024\/10\/2-Navidad--696x464.jpg 696w, https:\/\/elluchador.info\/wp-content\/uploads\/2024\/10\/2-Navidad-.jpg 1032w\" sizes=\"auto, (max-width: 1024px) 100vw, 1024px\" \/><figcaption class=\"wp-element-caption\"><strong>\u00c1ngel Marcano regal\u00f3 sonrisas y alegr\u00eda al pueblo bolivarense<\/strong><\/figcaption><\/figure>\n<\/div>\n\n\n<p>Los bolivarenses fueron sorprendidos con el \u00e1rbol de Navidad, el tradicional pesebre y t\u00faneles decorados, llenos de luces, brillos y adornos que sirvieron como puntos fotogr\u00e1ficos para capturar momentos memorables.<\/p>\n\n\n\n<p>Adem\u00e1s, los emprendedores locales de la ciudad, participaron en el evento con la venta de comida r\u00e1pida, bebidas y golosinas.<\/p>\n\n\n\n<p>\u201cEsta fiesta contin\u00faa el viernes 04 de octubre en el Mirador del municipio Angostura del Orinoco, luego se extender\u00e1 en comunidades de los 11 municipios d3e nuestro estado, as\u00ed que los esperamos\u201d.<\/p>\n\n\n\n<p><strong><em><mark style=\"background-color:rgba(0, 0, 0, 0)\" class=\"has-inline-color has-vivid-red-color\">Prensa Gobernaci\u00f3n de Bol\u00edvar<\/mark><\/em><\/strong><\/p>\n","protected":false},"excerpt":{"rendered":"<p>El gobernador del estado Bol\u00edvar, \u00c1ngel Marcano, dio palabras de bienvenida y dirigi\u00f3 el conteo regresivo del encendido, en compa\u00f1\u00eda del alcalde del municipio Caron\u00ed, Tito Oviedo, y de todo el gabinete ejecutivo. \u201cDimos una demostraci\u00f3n contundente del liderazgo del presidente Nicol\u00e1s Maduro, el pueblo de Bol\u00edvar festej\u00f3 y bail\u00f3, demostr\u00e1ndole al mundo que somos [&hellip;]<\/p>\n","protected":false},"author":33,"featured_media":251208,"comment_status":"closed","ping_status":"closed","sticky":false,"template":"","format":"standard","meta":{"footnotes":""},"categories":[5,12],"tags":[185,306,300],"class_list":{"0":"post-251202","1":"post","2":"type-post","3":"status-publish","4":"format-standard","5":"has-post-thumbnail","7":"category-destacado","8":"category-regionales","9":"tag-bolivar","10":"tag-ciudad-bolivar","11":"tag-navidades"},"_links":{"self":[{"href":"https:\/\/elluchador.info\/index.php?rest_route=\/wp\/v2\/posts\/251202","targetHints":{"allow":["GET"]}}],"collection":[{"href":"https:\/\/elluchador.info\/index.php?rest_route=\/wp\/v2\/posts"}],"about":[{"href":"https:\/\/elluchador.info\/index.php?rest_route=\/wp\/v2\/types\/post"}],"author":[{"embeddable":true,"href":"https:\/\/elluchador.info\/index.php?rest_route=\/wp\/v2\/users\/33"}],"replies":[{"embeddable":true,"href":"https:\/\/elluchador.info\/index.php?rest_route=%2Fwp%2Fv2%2Fcomments&post=251202"}],"version-history":[{"count":2,"href":"https:\/\/elluchador.info\/index.php?rest_route=\/wp\/v2\/posts\/251202\/revisions"}],"predecessor-version":[{"id":251255,"href":"https:\/\/elluchador.info\/index.php?rest_route=\/wp\/v2\/posts\/251202\/revisions\/251255"}],"wp:featuredmedia":[{"embeddable":true,"href":"https:\/\/elluchador.info\/index.php?rest_route=\/wp\/v2\/media\/251208"}],"wp:attachment":[{"href":"https:\/\/elluchador.info\/index.php?rest_route=%2Fwp%2Fv2%2Fmedia&parent=251202"}],"wp:term":[{"taxonomy":"category","embeddable":true,"href":"https:\/\/elluchador.info\/index.php?rest_route=%2Fwp%2Fv2%2Fcategories&post=251202"},{"taxonomy":"post_tag","embeddable":true,"href":"https:\/\/elluchador.info\/index.php?rest_route=%2Fwp%2Fv2%2Ftags&post=251202"}],"curies":[{"name":"wp","href":"https:\/\/api.w.org\/{rel}","templated":true}]}}