{"id":251230,"date":"2024-10-02T11:20:58","date_gmt":"2024-10-02T15:20:58","guid":{"rendered":"https:\/\/elluchador.info\/?p=251230"},"modified":"2024-10-02T11:21:01","modified_gmt":"2024-10-02T15:21:01","slug":"cleb-realiza-primera-discusion-del-proyecto-de-ley-de-jurisdiccion-especial-indigena","status":"publish","type":"post","link":"https:\/\/elluchador.info\/?p=251230","title":{"rendered":"CLEB realiza primera discusi\u00f3n del Proyecto de Ley\u00a0 de Jurisdicci\u00f3n Especial Ind\u00edgena"},"content":{"rendered":"\n<p>El Consejo Legislativo del Estado Bol\u00edvar (CLEB) llev\u00f3 a cabo una sesi\u00f3n ordinaria presidida por el legislador Lisbenio Mu\u00f1oz, acompa\u00f1ado por la vicepresidenta Elizabeth Conejero. Durante la sesi\u00f3n, se abordaron diversos puntos de la agenda, destacando la presentaci\u00f3n del informe para la primera discusi\u00f3n del Proyecto de Ley Especial de Jurisdicci\u00f3n Especial Ind\u00edgena del Estado Bol\u00edvar.<\/p>\n\n\n\n<p>El Proyecto de Ley Especial de Jurisdicci\u00f3n Especial Ind\u00edgena tiene como objetivo establecer los principios y bases para la implementaci\u00f3n de una jurisdicci\u00f3n especial ind\u00edgena en el estado. Esta ley busca sistematizar y reconocer las decisiones de las autoridades leg\u00edtimas de cada pueblo y comunidad ind\u00edgena, de acuerdo con sus derechos propios y procedimientos tradicionales. <\/p>\n\n\n\n<p>La finalidad es solucionar de manera aut\u00f3noma y definitiva las controversias que surjan entre sus integrantes, siempre que no sean incompatibles con los derechos fundamentales establecidos en la Constituci\u00f3n de la Rep\u00fablica Bolivariana de Venezuela y los tratados internacionales suscritos y ratificados por la Rep\u00fablica.<\/p>\n\n\n\n<p>El apartado fue presentado por el legislador Alberto Aray, presidente de la Comisi\u00f3n Permanente de Ambiente, Ind\u00edgena y Desarrollo Territorial,\u00a0 quien destac\u00f3 la importancia de fortalecer el conocimiento y la sistematizaci\u00f3n de las decisiones tomadas por las autoridades tradicionales ind\u00edgenas. <\/p>\n\n\n\n<p>Adem\u00e1s, se busca registrar el conjunto de normas, principios, valores, pr\u00e1cticas, instituciones, usos y costumbres que cada pueblo ind\u00edgena del estado Bol\u00edvar considere leg\u00edtimo y obligatorio para regular la vida social.<\/p>\n\n\n\n<p>La sesi\u00f3n tambi\u00e9n incluy\u00f3 la presentaci\u00f3n de otros proyectos de ley, como el Proyecto de Ley Especial para el Fomento y Desarrollo de la Producci\u00f3n de Caf\u00e9 en el Estado Bol\u00edvar y el Proyecto de Ley Especial de la Poblaci\u00f3n Afrodescendiente del Estado Bol\u00edvar y el Proyecto de Reforma de la Ley Especial de Contralor\u00eda Social del Estado Bol\u00edvar.<\/p>\n\n\n\n<p>El presidente del CLEB, Lisbenio Mu\u00f1oz, resalt\u00f3 la importancia de estos proyectos para el desarrollo y reconocimiento de los derechos de las comunidades ind\u00edgenas y afrodescendientes en el estado. La vicepresidenta Elizabeth Conejero, por su parte, enfatiz\u00f3 la necesidad de continuar trabajando en la inclusi\u00f3n y el respeto a la diversidad cultural en la regi\u00f3n.<\/p>\n\n\n\n<p>Para finalizar la sesi\u00f3n, el legislador\u00a0 Wuilfredo Villalba, presento para su aprobaci\u00f3n\u00a0 un acuerdo rechazando la eliminaci\u00f3n de la octava estrella de la bandera nacional, un s\u00edmbolo que representa\u00a0 nuestra\u00a0 provincia de Guayana. <\/p>\n\n\n\n<p>Este acto se considera una ofensa a los s\u00edmbolos patrios y a la historia venezolana, ya que la octava estrella fue incorporada por el Libertador\u00a0 Sim\u00f3n Bol\u00edvar en 1817 y reafirmada por el Comandante Hugo Ch\u00e1vez en 2006. <\/p>\n\n\n\n<p>El acuerdo condena las acciones de la derecha venezolana que buscan desmerecer este emblema y ratifica el compromiso con la defensa de los s\u00edmbolos patrios, dicho acuerdo de C\u00e1mara fue aprobado por mayor\u00eda de los legisladores patriotas.<\/p>\n\n\n\n<p><strong><em><mark style=\"background-color:rgba(0, 0, 0, 0)\" class=\"has-inline-color has-vivid-cyan-blue-color\">Prensa CLEB<\/mark><\/em><\/strong><\/p>\n","protected":false},"excerpt":{"rendered":"<p>El Consejo Legislativo del Estado Bol\u00edvar (CLEB) llev\u00f3 a cabo una sesi\u00f3n ordinaria presidida por el legislador Lisbenio Mu\u00f1oz, acompa\u00f1ado por la vicepresidenta Elizabeth Conejero. Durante la sesi\u00f3n, se abordaron diversos puntos de la agenda, destacando la presentaci\u00f3n del informe para la primera discusi\u00f3n del Proyecto de Ley Especial de Jurisdicci\u00f3n Especial Ind\u00edgena del Estado [&hellip;]<\/p>\n","protected":false},"author":33,"featured_media":251231,"comment_status":"closed","ping_status":"closed","sticky":false,"template":"","format":"standard","meta":{"footnotes":""},"categories":[12],"tags":[2103,2167,2198],"class_list":{"0":"post-251230","1":"post","2":"type-post","3":"status-publish","4":"format-standard","5":"has-post-thumbnail","7":"category-regionales","8":"tag-cleb","9":"tag-indigenas-2","10":"tag-sesion"},"_links":{"self":[{"href":"https:\/\/elluchador.info\/index.php?rest_route=\/wp\/v2\/posts\/251230","targetHints":{"allow":["GET"]}}],"collection":[{"href":"https:\/\/elluchador.info\/index.php?rest_route=\/wp\/v2\/posts"}],"about":[{"href":"https:\/\/elluchador.info\/index.php?rest_route=\/wp\/v2\/types\/post"}],"author":[{"embeddable":true,"href":"https:\/\/elluchador.info\/index.php?rest_route=\/wp\/v2\/users\/33"}],"replies":[{"embeddable":true,"href":"https:\/\/elluchador.info\/index.php?rest_route=%2Fwp%2Fv2%2Fcomments&post=251230"}],"version-history":[{"count":1,"href":"https:\/\/elluchador.info\/index.php?rest_route=\/wp\/v2\/posts\/251230\/revisions"}],"predecessor-version":[{"id":251232,"href":"https:\/\/elluchador.info\/index.php?rest_route=\/wp\/v2\/posts\/251230\/revisions\/251232"}],"wp:featuredmedia":[{"embeddable":true,"href":"https:\/\/elluchador.info\/index.php?rest_route=\/wp\/v2\/media\/251231"}],"wp:attachment":[{"href":"https:\/\/elluchador.info\/index.php?rest_route=%2Fwp%2Fv2%2Fmedia&parent=251230"}],"wp:term":[{"taxonomy":"category","embeddable":true,"href":"https:\/\/elluchador.info\/index.php?rest_route=%2Fwp%2Fv2%2Fcategories&post=251230"},{"taxonomy":"post_tag","embeddable":true,"href":"https:\/\/elluchador.info\/index.php?rest_route=%2Fwp%2Fv2%2Ftags&post=251230"}],"curies":[{"name":"wp","href":"https:\/\/api.w.org\/{rel}","templated":true}]}}