{"id":251238,"date":"2024-10-02T11:57:23","date_gmt":"2024-10-02T15:57:23","guid":{"rendered":"https:\/\/elluchador.info\/?p=251238"},"modified":"2024-10-02T11:57:28","modified_gmt":"2024-10-02T15:57:28","slug":"asocanaima-presento-nueva-ruta-turistica-en-ciudad-bolivar","status":"publish","type":"post","link":"https:\/\/elluchador.info\/?p=251238","title":{"rendered":"Asocanaima present\u00f3 nueva ruta tur\u00edstica en Ciudad Bol\u00edvar"},"content":{"rendered":"\n<p>La Asociaci\u00f3n de Operadores Tur\u00edsticos de Canaima (Asocanaima) se uni\u00f3 a las celebraciones del D\u00eda Mundial del Turismo, sum\u00e1ndose al \u201cFestival Tur\u00edstico Bol\u00edvar Ancestral\u201d celebrado en la capital bolivarense. Con el lema \u201cTurismo y Paz\u201d, el evento reuni\u00f3 a gremios tur\u00edsticos, autoridades y emprendedores para destacar el potencial tur\u00edstico de la regi\u00f3n.<\/p>\n\n\n\n<p>Durante el festival, Asocanaima, representada por su vicepresidente Javier Cubillos y todo su equipo, present\u00f3 la nueva ruta tur\u00edstica \u201cLa otra cara de la Angostura\u201d. Esta propuesta busca diversificar la oferta tur\u00edstica de la regi\u00f3n, poniendo en valor los atractivos hist\u00f3ricos y culturales de Ciudad Bol\u00edvar, como el casco hist\u00f3rico, la Catedral Metropolitana, la Casa Piar y el r\u00edo Orinoco. Adem\u00e1s, la ruta incluye una visita al Parque Tur\u00edstico \u201cJos\u00e9 Antonio Anzo\u00e1tegui\u201d en Ciudad Orinoco.<\/p>\n\n\n\n<p>El evento cont\u00f3 con la participaci\u00f3n de autoridades como la directora regional de Turismo, licenciada Amanda Moran, la secretaria de Turismo de la gobernaci\u00f3n del estado, licenciada Keyla Pe\u00f1alver, el presidente de la operadora tur\u00edstica de la gobernaci\u00f3n, \u00c1ngel Rivas.<\/p>\n\n\n\n<p>Tambi\u00e9n estuvieron presentes empresarios tur\u00edsticos como Carlos Alaimo, propietario del Hotel Laja Real, y representantes de prestadores de servicios tur\u00edsticos como, Kuravaina Tours, Over Di Blasio, Kayoas Adventure.<\/p>\n\n\n\n<p>El \u201cFestival Tur\u00edstico Bol\u00edvar Ancestral\u201d sirvi\u00f3 como un espacio para compartir experiencias exitosas y fomentar el emprendimiento tur\u00edstico. En este sentido, se cont\u00f3 con emprendedores locales que compartieron sus historias de \u00e9xito, desde sus inicios hasta la consolidaci\u00f3n de sus proyectos. <\/p>\n\n\n\n<p>El evento culmin\u00f3 con la presentaci\u00f3n de la nueva ruta tur\u00edstica \u00abLa otra cara de la Angostura\u00bb, desarrollada por ASOCANAIMA y Hotel Laja Real.<\/p>\n\n\n\n<p>Con esta iniciativa, Asocanaima reafirma su compromiso con el desarrollo del turismo sostenible en la regi\u00f3n, contribuyendo a la generaci\u00f3n de empleo y a la promoci\u00f3n de la cultura local. <\/p>\n\n\n\n<p><em><strong>CNP 25.976<\/strong><\/em><\/p>\n","protected":false},"excerpt":{"rendered":"<p>La Asociaci\u00f3n de Operadores Tur\u00edsticos de Canaima (Asocanaima) se uni\u00f3 a las celebraciones del D\u00eda Mundial del Turismo, sum\u00e1ndose al \u201cFestival Tur\u00edstico Bol\u00edvar Ancestral\u201d celebrado en la capital bolivarense. Con el lema \u201cTurismo y Paz\u201d, el evento reuni\u00f3 a gremios tur\u00edsticos, autoridades y emprendedores para destacar el potencial tur\u00edstico de la regi\u00f3n. Durante el festival, [&hellip;]<\/p>\n","protected":false},"author":33,"featured_media":251239,"comment_status":"closed","ping_status":"closed","sticky":false,"template":"","format":"standard","meta":{"footnotes":""},"categories":[12],"tags":[2199,185,638],"class_list":{"0":"post-251238","1":"post","2":"type-post","3":"status-publish","4":"format-standard","5":"has-post-thumbnail","7":"category-regionales","8":"tag-asocanaima","9":"tag-bolivar","10":"tag-turismo"},"_links":{"self":[{"href":"https:\/\/elluchador.info\/index.php?rest_route=\/wp\/v2\/posts\/251238","targetHints":{"allow":["GET"]}}],"collection":[{"href":"https:\/\/elluchador.info\/index.php?rest_route=\/wp\/v2\/posts"}],"about":[{"href":"https:\/\/elluchador.info\/index.php?rest_route=\/wp\/v2\/types\/post"}],"author":[{"embeddable":true,"href":"https:\/\/elluchador.info\/index.php?rest_route=\/wp\/v2\/users\/33"}],"replies":[{"embeddable":true,"href":"https:\/\/elluchador.info\/index.php?rest_route=%2Fwp%2Fv2%2Fcomments&post=251238"}],"version-history":[{"count":1,"href":"https:\/\/elluchador.info\/index.php?rest_route=\/wp\/v2\/posts\/251238\/revisions"}],"predecessor-version":[{"id":251240,"href":"https:\/\/elluchador.info\/index.php?rest_route=\/wp\/v2\/posts\/251238\/revisions\/251240"}],"wp:featuredmedia":[{"embeddable":true,"href":"https:\/\/elluchador.info\/index.php?rest_route=\/wp\/v2\/media\/251239"}],"wp:attachment":[{"href":"https:\/\/elluchador.info\/index.php?rest_route=%2Fwp%2Fv2%2Fmedia&parent=251238"}],"wp:term":[{"taxonomy":"category","embeddable":true,"href":"https:\/\/elluchador.info\/index.php?rest_route=%2Fwp%2Fv2%2Fcategories&post=251238"},{"taxonomy":"post_tag","embeddable":true,"href":"https:\/\/elluchador.info\/index.php?rest_route=%2Fwp%2Fv2%2Ftags&post=251238"}],"curies":[{"name":"wp","href":"https:\/\/api.w.org\/{rel}","templated":true}]}}