{"id":251567,"date":"2024-10-04T15:30:00","date_gmt":"2024-10-04T19:30:00","guid":{"rendered":"https:\/\/elluchador.info\/?p=251567"},"modified":"2024-10-04T14:13:10","modified_gmt":"2024-10-04T18:13:10","slug":"extienden-por-30-dias-mas-el-regimen-de-excepcion-en-el-salvador","status":"publish","type":"post","link":"https:\/\/elluchador.info\/?p=251567","title":{"rendered":"Extienden por 30 d\u00edas m\u00e1s el r\u00e9gimen de excepci\u00f3n en El Salvador"},"content":{"rendered":"\n<p>La decisi\u00f3n fue respaldada con 57 votos a favor, mientras que tuvo dos abstenciones del partido Arena y un voto en contra de Vamos.<\/p>\n\n\n\n<p>En una jornada decisiva, los diputados de la Asamblea Legislativa han aprobado este jueves la extensi\u00f3n del r\u00e9gimen de excepci\u00f3n por 30 d\u00edas m\u00e1s, una medida que ha sido renovada en 31 ocasiones desde su implementaci\u00f3n por el partido Nuevas Ideas y sus aliados.Eligen nuevos magistrados para la Corte Suprema de Justicia en El Salvador<br>El nuevo decreto, que entrar\u00e1 en vigor el 8 de octubre y se mantendr\u00e1 hasta el 6 de noviembre, contempla la continuaci\u00f3n de la suspensi\u00f3n de derechos fundamentales, incluyendo el derecho de defensa y la inviolabilidad de la correspondencia y telecomunicaciones. Esta aprobaci\u00f3n fue realizada con la dispensa de tr\u00e1mite, acelerando as\u00ed su implementaci\u00f3n.<\/p>\n\n\n\n<p>El diputado de Nuevas Ideas, Ra\u00fal Chamagua, defendi\u00f3 la pr\u00f3rroga del r\u00e9gimen, argumentando que ha contribuido a una \u00abreducci\u00f3n hist\u00f3rica\u00bb de homicidios en el pa\u00eds. Esta medida fue instaurada inicialmente el 27 de marzo de 2022, tras un alarmante aumento en la tasa de homicidios, que dej\u00f3 87 v\u00edctimas en un corto periodo de tiempo.<\/p>\n\n\n\n<figure class=\"wp-block-embed is-type-rich is-provider-twitter wp-block-embed-twitter\"><div class=\"wp-block-embed__wrapper\">\n<blockquote class=\"twitter-tweet\" data-width=\"550\" data-dnt=\"true\"><p lang=\"es\" dir=\"ltr\"><a href=\"https:\/\/twitter.com\/hashtag\/Plenaria23?src=hash&amp;ref_src=twsrc%5Etfw\">#Plenaria23<\/a> | Con 57 votos a favor, prorrogamos el <a href=\"https:\/\/twitter.com\/hashtag\/R%C3%A9gimenDeExcepci%C3%B3n?src=hash&amp;ref_src=twsrc%5Etfw\">#R\u00e9gimenDeExcepci\u00f3n<\/a> para continuar garantizando la paz y la seguridad a los salvadore\u00f1os. <a href=\"https:\/\/t.co\/ezw4jfRmiP\">pic.twitter.com\/ezw4jfRmiP<\/a><\/p>&mdash; Asamblea Legislativa \ud83c\uddf8\ud83c\uddfb (@AsambleaSV) <a href=\"https:\/\/twitter.com\/AsambleaSV\/status\/1842015001281778145?ref_src=twsrc%5Etfw\">October 4, 2024<\/a><\/blockquote><script async src=\"https:\/\/platform.twitter.com\/widgets.js\" charset=\"utf-8\"><\/script>\n<\/div><\/figure>\n\n\n\n<p>Sin embargo, la medida ha generado controversia a nivel internacional. La Comisi\u00f3n Interamericana de Derechos Humanos (CIDH) ha expresado su preocupaci\u00f3n, se\u00f1alando que las circunstancias que llevaron a la implementaci\u00f3n de este r\u00e9gimen ya no son las mismas, y ha instado al Estado salvadore\u00f1o a considerar la derogaci\u00f3n del decreto.<\/p>\n\n\n\n<p>La pr\u00f3rroga del r\u00e9gimen de excepci\u00f3n sigue siendo un tema candente en el \u00e1mbito pol\u00edtico y social a nivel nacional, reflejando la tensi\u00f3n entre la seguridad y los derechos humanos en El Salvador.<\/p>\n\n\n\n<p><strong>Con informaci\u00f3n de TeleSur<\/strong><\/p>\n","protected":false},"excerpt":{"rendered":"<p>La decisi\u00f3n fue respaldada con 57 votos a favor, mientras que tuvo dos abstenciones del partido Arena y un voto en contra de Vamos. En una jornada decisiva, los diputados de la Asamblea Legislativa han aprobado este jueves la extensi\u00f3n del r\u00e9gimen de excepci\u00f3n por 30 d\u00edas m\u00e1s, una medida que ha sido renovada en [&hellip;]<\/p>\n","protected":false},"author":2,"featured_media":251568,"comment_status":"closed","ping_status":"closed","sticky":false,"template":"","format":"standard","meta":{"footnotes":""},"categories":[8],"tags":[],"class_list":{"0":"post-251567","1":"post","2":"type-post","3":"status-publish","4":"format-standard","5":"has-post-thumbnail","7":"category-internacionales"},"_links":{"self":[{"href":"https:\/\/elluchador.info\/index.php?rest_route=\/wp\/v2\/posts\/251567","targetHints":{"allow":["GET"]}}],"collection":[{"href":"https:\/\/elluchador.info\/index.php?rest_route=\/wp\/v2\/posts"}],"about":[{"href":"https:\/\/elluchador.info\/index.php?rest_route=\/wp\/v2\/types\/post"}],"author":[{"embeddable":true,"href":"https:\/\/elluchador.info\/index.php?rest_route=\/wp\/v2\/users\/2"}],"replies":[{"embeddable":true,"href":"https:\/\/elluchador.info\/index.php?rest_route=%2Fwp%2Fv2%2Fcomments&post=251567"}],"version-history":[{"count":1,"href":"https:\/\/elluchador.info\/index.php?rest_route=\/wp\/v2\/posts\/251567\/revisions"}],"predecessor-version":[{"id":251569,"href":"https:\/\/elluchador.info\/index.php?rest_route=\/wp\/v2\/posts\/251567\/revisions\/251569"}],"wp:featuredmedia":[{"embeddable":true,"href":"https:\/\/elluchador.info\/index.php?rest_route=\/wp\/v2\/media\/251568"}],"wp:attachment":[{"href":"https:\/\/elluchador.info\/index.php?rest_route=%2Fwp%2Fv2%2Fmedia&parent=251567"}],"wp:term":[{"taxonomy":"category","embeddable":true,"href":"https:\/\/elluchador.info\/index.php?rest_route=%2Fwp%2Fv2%2Fcategories&post=251567"},{"taxonomy":"post_tag","embeddable":true,"href":"https:\/\/elluchador.info\/index.php?rest_route=%2Fwp%2Fv2%2Ftags&post=251567"}],"curies":[{"name":"wp","href":"https:\/\/api.w.org\/{rel}","templated":true}]}}