{"id":251573,"date":"2024-10-04T15:50:00","date_gmt":"2024-10-04T19:50:00","guid":{"rendered":"https:\/\/elluchador.info\/?p=251573"},"modified":"2024-10-04T14:15:37","modified_gmt":"2024-10-04T18:15:37","slug":"min-transporte-suspension-de-vuelos-responde-a-medidas-de-seguridad","status":"publish","type":"post","link":"https:\/\/elluchador.info\/?p=251573","title":{"rendered":"Min. Transporte: Suspensi\u00f3n de vuelos responde a medidas de seguridad"},"content":{"rendered":"\n<p>El ministro para el Transporte, Ram\u00f3n Vel\u00e1squez Araguay\u00e1n, inform\u00f3 este jueves 03-Oct, que la suspensi\u00f3n de vuelos comerciales con Panam\u00e1, Rep\u00fablica Dominicana, Chile y Per\u00fa responde a medidas de seguridad y no afectan la relaci\u00f3n comercial de Venezuela con estas naciones.<\/p>\n\n\n\n<p>\u201cEsta medida (\u2026) son decisiones que se ha tomado en el alto gobierno con un mecanismo de protecci\u00f3n al pueblo para evitar que personas con algunas intenciones nefastas puedan ingresar a nuestro pa\u00eds. Sin embargo, las relaciones comerciales de gobierno a gobierno se mantienen y dentro del desarrollo de la econom\u00eda\u201d, dijo el ministro.<\/p>\n\n\n\n<p>Detall\u00f3 que articulan con las l\u00edneas a\u00e9reas las acciones a tomar, aunque esperan que en un tiempo prudencial se pueda retomar la cantidad de frecuencia que se ten\u00eda con estos pa\u00edses.<\/p>\n\n\n\n<p>\u201cAhorita es una situaci\u00f3n de extrema seguridad para mantener control de todos los pasajeros, tanto nacionales como extranjeros, que ingresan a nuestro pa\u00eds proveniente de estos pa\u00edses\u201d, afirm\u00f3, rese\u00f1a VTV. <\/p>\n\n\n\n<p><em><strong>Con informaci\u00f3n de EI.<\/strong><\/em><\/p>\n","protected":false},"excerpt":{"rendered":"<p>El ministro para el Transporte, Ram\u00f3n Vel\u00e1squez Araguay\u00e1n, inform\u00f3 este jueves 03-Oct, que la suspensi\u00f3n de vuelos comerciales con Panam\u00e1, Rep\u00fablica Dominicana, Chile y Per\u00fa responde a medidas de seguridad y no afectan la relaci\u00f3n comercial de Venezuela con estas naciones. \u201cEsta medida (\u2026) son decisiones que se ha tomado en el alto gobierno con [&hellip;]<\/p>\n","protected":false},"author":2,"featured_media":251574,"comment_status":"closed","ping_status":"closed","sticky":false,"template":"","format":"standard","meta":{"footnotes":""},"categories":[9],"tags":[],"class_list":{"0":"post-251573","1":"post","2":"type-post","3":"status-publish","4":"format-standard","5":"has-post-thumbnail","7":"category-nacionales"},"_links":{"self":[{"href":"https:\/\/elluchador.info\/index.php?rest_route=\/wp\/v2\/posts\/251573","targetHints":{"allow":["GET"]}}],"collection":[{"href":"https:\/\/elluchador.info\/index.php?rest_route=\/wp\/v2\/posts"}],"about":[{"href":"https:\/\/elluchador.info\/index.php?rest_route=\/wp\/v2\/types\/post"}],"author":[{"embeddable":true,"href":"https:\/\/elluchador.info\/index.php?rest_route=\/wp\/v2\/users\/2"}],"replies":[{"embeddable":true,"href":"https:\/\/elluchador.info\/index.php?rest_route=%2Fwp%2Fv2%2Fcomments&post=251573"}],"version-history":[{"count":1,"href":"https:\/\/elluchador.info\/index.php?rest_route=\/wp\/v2\/posts\/251573\/revisions"}],"predecessor-version":[{"id":251575,"href":"https:\/\/elluchador.info\/index.php?rest_route=\/wp\/v2\/posts\/251573\/revisions\/251575"}],"wp:featuredmedia":[{"embeddable":true,"href":"https:\/\/elluchador.info\/index.php?rest_route=\/wp\/v2\/media\/251574"}],"wp:attachment":[{"href":"https:\/\/elluchador.info\/index.php?rest_route=%2Fwp%2Fv2%2Fmedia&parent=251573"}],"wp:term":[{"taxonomy":"category","embeddable":true,"href":"https:\/\/elluchador.info\/index.php?rest_route=%2Fwp%2Fv2%2Fcategories&post=251573"},{"taxonomy":"post_tag","embeddable":true,"href":"https:\/\/elluchador.info\/index.php?rest_route=%2Fwp%2Fv2%2Ftags&post=251573"}],"curies":[{"name":"wp","href":"https:\/\/api.w.org\/{rel}","templated":true}]}}