{"id":251579,"date":"2024-10-04T16:10:00","date_gmt":"2024-10-04T20:10:00","guid":{"rendered":"https:\/\/elluchador.info\/?p=251579"},"modified":"2024-10-04T14:17:48","modified_gmt":"2024-10-04T18:17:48","slug":"fao-el-azucar-impulsa-el-aumento-de-los-precios-de-los-alimentos-en-el-mundo","status":"publish","type":"post","link":"https:\/\/elluchador.info\/?p=251579","title":{"rendered":"FAO: El az\u00facar impulsa el aumento de los precios de los alimentos en el mundo"},"content":{"rendered":"\n<p>Los precios de los productos alimenticios en el mundo volvieron a aumentar en septiembre, por primera vez en 30 meses,&nbsp;<strong>impulsados \u200b\u200ben particular por el az\u00facar y en general por la mayor\u00eda de las materias<\/strong>, seg\u00fan un informe mensual de la Organizaci\u00f3n de Naciones Unidas para la Alimentaci\u00f3n y la Agricultura (FAO) publicado el viernes.<\/p>\n\n\n\n<p>Despu\u00e9s de varios meses de estabilizaci\u00f3n, el \u00edndice de los precios calculado por la FAO, que sigue la variaci\u00f3n de los precios internacionales de una canasta de productos b\u00e1sicos,&nbsp;<strong>creci\u00f3 un 3% entre agosto y septiembre, y un 2,1% en un a\u00f1o<\/strong>.<\/p>\n\n\n\n<p>En particular,&nbsp;<strong>el precio del az\u00facar subi\u00f3 un 10,4% en septiembre<\/strong>, debido a las perspectivas para la ca\u00f1a de az\u00facar en Brasil, un pa\u00eds afectado por la sequ\u00eda y los incendios. Adem\u00e1s, la decisi\u00f3n india de levantar las restricciones al uso de la ca\u00f1a de az\u00facar para producir etanol tambi\u00e9n hace temer que haya menos disponibilidad para exportar, a\u00f1ade la FAO.<\/p>\n\n\n\n<p><strong>El \u00edndice de los aceites vegetales aument\u00f3 un 4,6% desde agosto<\/strong>, ya sea aceite de palma \u2013cuya elaboraci\u00f3n se reduce m\u00e1s de lo previsto en los grandes pa\u00edses productores del Sureste Asi\u00e1tico\u2013, aceite de soja, de girasol o de colza.<\/p>\n\n\n\n<p>Los cereales, por su parte,&nbsp;<strong>tuvieron una subida del 3% en un mes<\/strong>, debido al aumento de los precios a la exportaci\u00f3n del trigo y del ma\u00edz, debido al impacto de las lluvias en las cosechas de trigo en Canad\u00e1 y la Uni\u00f3n Europea y las dificultades del transporte fluvial para el ma\u00edz en Brasil y Estados Unidos.<\/p>\n\n\n\n<p>El arroz, por el contrario, cuenta con un contexto m\u00e1s \u00abtranquilo en general\u00bb, apunta la FAO, que se\u00f1ala una bajada en sus precios del 0,7%.<\/p>\n\n\n\n<p><strong>Se espera que la producci\u00f3n mundial de trigo crezca un 0,5% este a\u00f1o con respecto a 2023<\/strong>, gracias a los buenos rendimientos en Australia, que compensaron las malas cosechas europeas. La del arroz alcanzar\u00e1 por su parte un \u00abm\u00e1ximo hist\u00f3rico\u00bb, gracias sobre todo a India, estima la FAO.<\/p>\n\n\n\n<p><strong>El \u00edndice de los precios de los productos l\u00e1cteos se increment\u00f3 un 3,8% en septiembre<\/strong>, mientras que el de la carne se mantuvo relativamente estable, con un +0,4%. <\/p>\n\n\n\n<p><em><strong>Con informaci\u00f3n de Banca y Negocios.<\/strong><\/em><\/p>\n","protected":false},"excerpt":{"rendered":"<p>Los precios de los productos alimenticios en el mundo volvieron a aumentar en septiembre, por primera vez en 30 meses,&nbsp;impulsados \u200b\u200ben particular por el az\u00facar y en general por la mayor\u00eda de las materias, seg\u00fan un informe mensual de la Organizaci\u00f3n de Naciones Unidas para la Alimentaci\u00f3n y la Agricultura (FAO) publicado el viernes. Despu\u00e9s [&hellip;]<\/p>\n","protected":false},"author":2,"featured_media":251580,"comment_status":"closed","ping_status":"closed","sticky":false,"template":"","format":"standard","meta":{"footnotes":""},"categories":[6,8],"tags":[],"class_list":{"0":"post-251579","1":"post","2":"type-post","3":"status-publish","4":"format-standard","5":"has-post-thumbnail","7":"category-economia","8":"category-internacionales"},"_links":{"self":[{"href":"https:\/\/elluchador.info\/index.php?rest_route=\/wp\/v2\/posts\/251579","targetHints":{"allow":["GET"]}}],"collection":[{"href":"https:\/\/elluchador.info\/index.php?rest_route=\/wp\/v2\/posts"}],"about":[{"href":"https:\/\/elluchador.info\/index.php?rest_route=\/wp\/v2\/types\/post"}],"author":[{"embeddable":true,"href":"https:\/\/elluchador.info\/index.php?rest_route=\/wp\/v2\/users\/2"}],"replies":[{"embeddable":true,"href":"https:\/\/elluchador.info\/index.php?rest_route=%2Fwp%2Fv2%2Fcomments&post=251579"}],"version-history":[{"count":1,"href":"https:\/\/elluchador.info\/index.php?rest_route=\/wp\/v2\/posts\/251579\/revisions"}],"predecessor-version":[{"id":251581,"href":"https:\/\/elluchador.info\/index.php?rest_route=\/wp\/v2\/posts\/251579\/revisions\/251581"}],"wp:featuredmedia":[{"embeddable":true,"href":"https:\/\/elluchador.info\/index.php?rest_route=\/wp\/v2\/media\/251580"}],"wp:attachment":[{"href":"https:\/\/elluchador.info\/index.php?rest_route=%2Fwp%2Fv2%2Fmedia&parent=251579"}],"wp:term":[{"taxonomy":"category","embeddable":true,"href":"https:\/\/elluchador.info\/index.php?rest_route=%2Fwp%2Fv2%2Fcategories&post=251579"},{"taxonomy":"post_tag","embeddable":true,"href":"https:\/\/elluchador.info\/index.php?rest_route=%2Fwp%2Fv2%2Ftags&post=251579"}],"curies":[{"name":"wp","href":"https:\/\/api.w.org\/{rel}","templated":true}]}}