{"id":251582,"date":"2024-10-04T16:20:00","date_gmt":"2024-10-04T20:20:00","guid":{"rendered":"https:\/\/elluchador.info\/?p=251582"},"modified":"2024-10-04T14:18:50","modified_gmt":"2024-10-04T18:18:50","slug":"evo-morales-se-defiende-de-las-acusaciones-de-violacion","status":"publish","type":"post","link":"https:\/\/elluchador.info\/?p=251582","title":{"rendered":"Evo Morales se defiende de las acusaciones de violaci\u00f3n"},"content":{"rendered":"\n<p>El expresidente de Bolivia Evo Morales calific\u00f3 este viernes de \u00abmentira\u00bb la denuncia de estupro por la que es investigado penalmente en su pa\u00eds. \u00abNo puedo entender qu\u00e9 clase de ministro de Justicia tenemos, sabiendo que este caso est\u00e1 cerrado, porque no hubo nada, es una mentira\u00bb, dijo Morales en conferencia de prensa en Cochabamba (centro), luego de que la v\u00edspera se informase de que est\u00e1 investigado por la violaci\u00f3n de una menor hace ocho a\u00f1os, cuando ejerc\u00eda el poder, y con quien habr\u00eda tenido una hija.<\/p>\n\n\n\n<p>Morales, presidente del pa\u00eds entre 2006 y 2019 y posible candidato a las pr\u00f3ximas elecciones presidenciales, acus\u00f3 al actual jefe de Estado,Luis Arce, de renunciar a resolver sus diferencias de \u00abforma democr\u00e1tica\u00bb y de empezar una \u00abpersecuci\u00f3n judicial\u00bb en su contra, tras conocerse la nueva investigaci\u00f3n. Seg\u00fan Morales, el presidente llev\u00f3 su pelea al terreno judicial para involucrarlo en un caso de \u00abtrata de personas\u00bb, en el que se le acusa de \u00abviolar a una menor de 15 a\u00f1os\u00bb y de crear una red de j\u00f3venes para tener a su disposici\u00f3n durante su presidencia, a la cual habr\u00eda llamado \u00abGeneraci\u00f3n Evo\u00bb.<\/p>\n\n\n\n<p>El mi\u00e9rcoles por la noche la fiscal Sandra Guti\u00e9rrez denunci\u00f3 que fue despedida horas antes de ejecutar una orden de captura contra Morales, y dijo que fue una orden directa del fiscal general Juan Lanchipa, quien tambi\u00e9n le dijo que \u00abese caso no se toca\u00bb. El fiscal general, quien termina su gesti\u00f3n este mes, fue cuestionado por varios ministros de Arce quienes le exigieron explicaciones por despedir a Guti\u00e9rrez y por no ejecutar la orden de captura de Morales, Lanchipa asegur\u00f3 que la salida de la exfiscal fue a causa de su \u00abnegligencia\u00bb en esa investigaci\u00f3n.<\/p>\n\n\n\n<p>Tras las declaraciones de la ahora exfiscal departamental de Tarija, la denuncia de trata de personas se filtr\u00f3 a los medios y fue confirmada por varios funcionarios del Gobierno. El mismo presidente Arce solicit\u00f3 que el caso se declare \u00aben reserva\u00bb para que no se politice y para proteger a la supuesta v\u00edctima de Morales. En la v\u00edspera el nuevo ministro de Justicia, C\u00e9sar Siles, dijo que el caso involucra a una \u00abni\u00f1a\u00bb que fue \u00abviolada a sus 15, a sus 16 a\u00f1os\u00bb, presuntamente \u00abobligada por sus padres\u00bb a cambio de \u00abfavores espec\u00edficos\u00bb. Seg\u00fan Siles, \u00abproducto de esa violaci\u00f3n engendr\u00f3 a otra ni\u00f1a\u00bb, cuyo padre \u00abreconocido en un certificado de nacimiento (es) el se\u00f1or Evo Morales Aima\u00bb.<\/p>\n\n\n\n<p>Morales insisti\u00f3 en que \u00abel abuso judicial se convirti\u00f3 en la \u00fanica herramienta disponible para un gobierno vaciado de legitimidad\u00bb, negando tajantemente las acusaciones en su contra. \u00abHan investigado todo el a\u00f1o, y no va a haber nada. Es otra mentira m\u00e1s\u00bb, reiter\u00f3. Molares dijo que hay cuatro procesos abiertos en su contra y afirm\u00f3 que el Gobierno de Luis Arce quiere \u00abextraditarlo\u00bb a Estados Unidos.<\/p>\n\n\n\n<p><strong><em>Con informaci\u00f3n de\u00a0Deutsche Welle<\/em><\/strong><\/p>\n","protected":false},"excerpt":{"rendered":"<p>El expresidente de Bolivia Evo Morales calific\u00f3 este viernes de \u00abmentira\u00bb la denuncia de estupro por la que es investigado penalmente en su pa\u00eds. \u00abNo puedo entender qu\u00e9 clase de ministro de Justicia tenemos, sabiendo que este caso est\u00e1 cerrado, porque no hubo nada, es una mentira\u00bb, dijo Morales en conferencia de prensa en Cochabamba [&hellip;]<\/p>\n","protected":false},"author":2,"featured_media":251583,"comment_status":"closed","ping_status":"closed","sticky":false,"template":"","format":"standard","meta":{"footnotes":""},"categories":[8],"tags":[],"class_list":{"0":"post-251582","1":"post","2":"type-post","3":"status-publish","4":"format-standard","5":"has-post-thumbnail","7":"category-internacionales"},"_links":{"self":[{"href":"https:\/\/elluchador.info\/index.php?rest_route=\/wp\/v2\/posts\/251582","targetHints":{"allow":["GET"]}}],"collection":[{"href":"https:\/\/elluchador.info\/index.php?rest_route=\/wp\/v2\/posts"}],"about":[{"href":"https:\/\/elluchador.info\/index.php?rest_route=\/wp\/v2\/types\/post"}],"author":[{"embeddable":true,"href":"https:\/\/elluchador.info\/index.php?rest_route=\/wp\/v2\/users\/2"}],"replies":[{"embeddable":true,"href":"https:\/\/elluchador.info\/index.php?rest_route=%2Fwp%2Fv2%2Fcomments&post=251582"}],"version-history":[{"count":1,"href":"https:\/\/elluchador.info\/index.php?rest_route=\/wp\/v2\/posts\/251582\/revisions"}],"predecessor-version":[{"id":251584,"href":"https:\/\/elluchador.info\/index.php?rest_route=\/wp\/v2\/posts\/251582\/revisions\/251584"}],"wp:featuredmedia":[{"embeddable":true,"href":"https:\/\/elluchador.info\/index.php?rest_route=\/wp\/v2\/media\/251583"}],"wp:attachment":[{"href":"https:\/\/elluchador.info\/index.php?rest_route=%2Fwp%2Fv2%2Fmedia&parent=251582"}],"wp:term":[{"taxonomy":"category","embeddable":true,"href":"https:\/\/elluchador.info\/index.php?rest_route=%2Fwp%2Fv2%2Fcategories&post=251582"},{"taxonomy":"post_tag","embeddable":true,"href":"https:\/\/elluchador.info\/index.php?rest_route=%2Fwp%2Fv2%2Ftags&post=251582"}],"curies":[{"name":"wp","href":"https:\/\/api.w.org\/{rel}","templated":true}]}}