{"id":251633,"date":"2024-10-05T11:13:06","date_gmt":"2024-10-05T15:13:06","guid":{"rendered":"https:\/\/elluchador.info\/?p=251633"},"modified":"2024-10-05T11:13:11","modified_gmt":"2024-10-05T15:13:11","slug":"edmundo-gonzalez-asegura-que-el-10-de-enero-asumira-la-presidencia-de-venezuela","status":"publish","type":"post","link":"https:\/\/elluchador.info\/?p=251633","title":{"rendered":"Edmundo Gonz\u00e1lez asegura que el 10 de enero asumir\u00e1 la presidencia de Venezuela"},"content":{"rendered":"\n<p>El l\u00edder opositor venezolano Edmundo Gonz\u00e1lez Urrutia se reivindic\u00f3 este pasado viernes 4 de octubre como presidente electo de Venezuela, y adelant\u00f3 que, el pr\u00f3ximo 10 de enero, estar\u00e1 de regreso en su pa\u00eds para tomar posesi\u00f3n como presidente.<\/p>\n\n\n\n<p>Gonz\u00e1lez Urrutia manifest\u00f3 esa intenci\u00f3n en rueda de prensa tras participar en el Foro La Toja-V\u00ednculo Atl\u00e1ntico celebrado en la localidad espa\u00f1ola de O Grove (noroeste), donde subray\u00f3 que su estancia en Espa\u00f1a es temporal.<\/p>\n\n\n\n<p>Al preguntarle cu\u00e1ndo prev\u00e9 regresar a su pa\u00eds, se\u00f1al\u00f3 que lo m\u00e1s pronto posible, cuando se pueda recuperar la democracia.<\/p>\n\n\n\n<p>Fue cuando record\u00f3 que el 10 de enero es la fecha constituyente prevista para la toma de posesi\u00f3n del presidente tras las elecciones del 28 de julio, y espera que ese d\u00eda \u00e9l pueda asumir la voluntad popular expresada en las urnas por ocho millones de venezolanos.<\/p>\n\n\n\n<p><em>\u201cMi cargo\u2026\u201d<\/em><\/p>\n\n\n\n<p>\u00abYo voy a ir el 10 de enero a tomar posesi\u00f3n de mi cargo como presidente electo de Venezuela\u00bb, recalc\u00f3 a continuaci\u00f3n.<\/p>\n\n\n\n<p>Respecto al futuro que puede tener el actual mandatario, Nicol\u00e1s Maduro, coment\u00f3 que \u00abel que \u00e9l desee\u00bb.<\/p>\n\n\n\n<p>\u00abYo ah\u00ed no me meto\u00bb, agreg\u00f3, para apuntar posteriormente, ante la hip\u00f3tesis de que Maduro pueda permanecer libremente en Venezuela, que \u00ablo que \u00e9l desee, si acepta las condiciones y respeta la Constituci\u00f3n\u00bb.<\/p>\n\n\n\n<p>Ante las comparaciones con lo vivido en su d\u00eda por el tambi\u00e9n opositor Juan Guaid\u00f3, quien fue reconocido por varios pa\u00edses, entre ellos Estados Unidos y la Uni\u00f3n Europea, como presidente encargado de Venezuela, dijo que las situaciones son distintas, ya que este fue elegido por la Asamblea Nacional y \u00e9l tiene el respaldo de las urnas.<\/p>\n\n\n\n<p>Gonz\u00e1lez Urrutia, que lleg\u00f3 a Madrid a principios de septiembre pasado para pedir asilo tras denunciar fraude electoral en su pa\u00eds, explic\u00f3 que tuvo que abandonarlo ante una persecuci\u00f3n pol\u00edtica con \u00abpresiones inenarrables y amenazas extremas\u00bb a \u00e9l y a su familia, en el que asegur\u00f3 que ha sido el cap\u00edtulo m\u00e1s dif\u00edcil y exigente de su vida.<\/p>\n\n\n\n<p><em>A la comunidad internacional<\/em><\/p>\n\n\n\n<p>Pidi\u00f3 a la comunidad internacional que reconozca el resultado de las elecciones presidenciales despu\u00e9s de que el Centro Carter, la organizaci\u00f3n estadounidense que fue observadora en los comicios, hiciera p\u00fablicas el pasado mi\u00e9rcoles las actas de votaci\u00f3n \u00aboriginales\u00bb que apuntan al triunfo de Gonz\u00e1lez Urrutia, con 67 % de los votos, frente al 31% de Maduro.<\/p>\n\n\n\n<p>En Venezuela, el Consejo Nacional Electoral (CNE), controlado por el chavismo, sostiene que Maduro gan\u00f3 esas elecciones, a pesar de que no ha publicado las actas con los resultados desagregados.<\/p>\n\n\n\n<p><em>Le corresponde alzar la voz<\/em><\/p>\n\n\n\n<p>Gonz\u00e1lez Urrutia asegur\u00f3 que, ahora, le corresponde alzar la voz desde la responsabilidad que le confiere su car\u00e1cter de \u00abpresidente electo, as\u00ed reconocido -dijo- por millones de venezolanos, ocho millones para ser exactos, y por buena parte de la comunidad internacional\u00bb.<\/p>\n\n\n\n<p>Explic\u00f3 que m\u00e1s de 30 pa\u00edses, entre ellos Espa\u00f1a, firmaron la pasada semana una declaraci\u00f3n tras una reuni\u00f3n auspiciada por Estados Unidos y Argentina \u00abreconoci\u00e9ndoe como presidente electo\u00bb.<\/p>\n\n\n\n<p>El texto de esa declaraci\u00f3n se refer\u00eda a Gonz\u00e1lez Urrutia como la persona que gan\u00f3 \u00abla mayor\u00eda de votos\u00bb de acuerdo a \u00ablas actas electorales disponibles p\u00fablicamente\u00bb.<\/p>\n\n\n\n<p>\u00abCada d\u00eda surgen m\u00e1s respaldos a mi candidatura como presidente electo. Y los que faltan por sumarse en pr\u00f3ximas fechas. Yo estoy muy complacido\u00bb, subray\u00f3.<\/p>\n\n\n\n<p>No obstante, pidi\u00f3 a Espa\u00f1a que, \u00abcon m\u00e1s empe\u00f1o que nunca\u00bb, presione junto a la comunidad internacional para que en Venezuela se haga valer y respetar la soberan\u00eda popular expresada el 28 de julio.<\/p>\n\n\n\n<p>Con informaci\u00f3n <strong><em><mark style=\"background-color:rgba(0, 0, 0, 0)\" class=\"has-inline-color has-vivid-red-color\">Contrapunto<\/mark><\/em><\/strong><\/p>\n","protected":false},"excerpt":{"rendered":"<p>El l\u00edder opositor venezolano Edmundo Gonz\u00e1lez Urrutia se reivindic\u00f3 este pasado viernes 4 de octubre como presidente electo de Venezuela, y adelant\u00f3 que, el pr\u00f3ximo 10 de enero, estar\u00e1 de regreso en su pa\u00eds para tomar posesi\u00f3n como presidente. Gonz\u00e1lez Urrutia manifest\u00f3 esa intenci\u00f3n en rueda de prensa tras participar en el Foro La Toja-V\u00ednculo [&hellip;]<\/p>\n","protected":false},"author":33,"featured_media":251634,"comment_status":"closed","ping_status":"closed","sticky":false,"template":"","format":"standard","meta":{"footnotes":""},"categories":[11],"tags":[2233,1455,842,105],"class_list":{"0":"post-251633","1":"post","2":"type-post","3":"status-publish","4":"format-standard","5":"has-post-thumbnail","7":"category-politica","8":"tag-10-enero","9":"tag-edmundo","10":"tag-presidente","11":"tag-venezuela"},"_links":{"self":[{"href":"https:\/\/elluchador.info\/index.php?rest_route=\/wp\/v2\/posts\/251633","targetHints":{"allow":["GET"]}}],"collection":[{"href":"https:\/\/elluchador.info\/index.php?rest_route=\/wp\/v2\/posts"}],"about":[{"href":"https:\/\/elluchador.info\/index.php?rest_route=\/wp\/v2\/types\/post"}],"author":[{"embeddable":true,"href":"https:\/\/elluchador.info\/index.php?rest_route=\/wp\/v2\/users\/33"}],"replies":[{"embeddable":true,"href":"https:\/\/elluchador.info\/index.php?rest_route=%2Fwp%2Fv2%2Fcomments&post=251633"}],"version-history":[{"count":1,"href":"https:\/\/elluchador.info\/index.php?rest_route=\/wp\/v2\/posts\/251633\/revisions"}],"predecessor-version":[{"id":251635,"href":"https:\/\/elluchador.info\/index.php?rest_route=\/wp\/v2\/posts\/251633\/revisions\/251635"}],"wp:featuredmedia":[{"embeddable":true,"href":"https:\/\/elluchador.info\/index.php?rest_route=\/wp\/v2\/media\/251634"}],"wp:attachment":[{"href":"https:\/\/elluchador.info\/index.php?rest_route=%2Fwp%2Fv2%2Fmedia&parent=251633"}],"wp:term":[{"taxonomy":"category","embeddable":true,"href":"https:\/\/elluchador.info\/index.php?rest_route=%2Fwp%2Fv2%2Fcategories&post=251633"},{"taxonomy":"post_tag","embeddable":true,"href":"https:\/\/elluchador.info\/index.php?rest_route=%2Fwp%2Fv2%2Ftags&post=251633"}],"curies":[{"name":"wp","href":"https:\/\/api.w.org\/{rel}","templated":true}]}}