{"id":251689,"date":"2024-10-05T15:31:12","date_gmt":"2024-10-05T19:31:12","guid":{"rendered":"https:\/\/elluchador.info\/?p=251689"},"modified":"2024-10-05T15:31:15","modified_gmt":"2024-10-05T19:31:15","slug":"academia-nacional-de-medicina-alerto-sobre-incremento-de-casos-covid-19-en-venezuela","status":"publish","type":"post","link":"https:\/\/elluchador.info\/?p=251689","title":{"rendered":"Academia Nacional de Medicina alert\u00f3 sobre incremento de casos Covid-19 en Venezuela"},"content":{"rendered":"\n<p>A pesar de que para gran parte de la poblaci\u00f3n parece un asunto del pasado, la propagaci\u00f3n de la infecci\u00f3n por COVID-19 sigue activa en varios pa\u00edses, as\u00ed en algunos casos sea tratado como&nbsp;<strong>\u201cun proceso respiratorio m\u00e1s\u201d<\/strong>, como la influenza o la gripe.<\/p>\n\n\n\n<p>Huniades Urbina, presidente de la Academia Nacional de Medicina, inform\u00f3 que en las \u00faltimas cuatro semanas los casos de COVID-19 resurgieron en Venezuela y explic\u00f3 que el coronavirus no desapareci\u00f3, pese a que&nbsp;<strong>disminuy\u00f3 el ritmo de contagio&nbsp;<\/strong>y, por ende, el n\u00famero de personas afectadas.<\/p>\n\n\n\n<p><strong>\u201c<\/strong>En Venezuela, durante la \u00faltima semana hay reportes de un&nbsp;<strong>aumento de casos<\/strong>&nbsp;de la COVID-19, tanto en el \u00e1mbito privado como p\u00fablico. Sin embargo, estos datos son de boca a boca porque no hay datos oficiales<strong>\u201d<\/strong>, afirm\u00f3.<\/p>\n\n\n\n<p>El m\u00e9dico record\u00f3 que en la temporada de lluvias tambi\u00e9n predomina el virus de la influenza. No obstante,&nbsp; por la sintomatolog\u00eda cl\u00ednica y los&nbsp;<strong>ex\u00e1menes de laboratorio,<\/strong>&nbsp;los m\u00e9dicos&nbsp;han determinado que los casos corresponden a la COVID-19.<\/p>\n\n\n\n<h2 class=\"wp-block-heading\">Medidas de prevenci\u00f3n seg\u00fan expertos para dengue, COVID e influenza<\/h2>\n\n\n\n<p>Un repunte en casos de\u00a0dengue a nivel continental, junto al aumento de\u00a0<strong>COVID-19 e influenza<\/strong>, ha encendido las alarmas entre especialistas en salud, quienes instan a la poblaci\u00f3n a tomar medidas para evitar contagios y protegerse de las consecuencias de estas enfermedades.<\/p>\n\n\n\n<h2 class=\"wp-block-heading\">\u00bfQu\u00e9 medidas preventivas?<\/h2>\n\n\n\n<p>El Dr.&nbsp;<strong>Huniades Urbina Medina<\/strong>, presidente de la Academia Nacional de Medicina, recomienda el uso de tapabocas en lugares p\u00fablicos concurridos y con poca ventilaci\u00f3n, especialmente para personas con condiciones preexistentes como diabetes, hipertensi\u00f3n, obesidad o adultos mayores.<\/p>\n\n\n\n<p>\u00abLa gente piensa que ya esto pas\u00f3. Hablamos del COVID, en pasado. No, el COVID est\u00e1 presente. Entonces, s\u00ed usted es precavido, utilice el tapabocas cuando se monte en transporte p\u00fablico que va atiborrado de gente, cuando va a lugares cerrados: restaurantes, cines muy llenos. Por precauci\u00f3n, p\u00f3ngase la mascarilla\u00bb, destac\u00f3 en una entrevista con el periodista Rom\u00e1n Lozinski.<\/p>\n\n\n\n<p>La Dra.&nbsp;<strong>Mar\u00eda Graciela L\u00f3pez<\/strong>, infect\u00f3loga pediatra, enfatiza en la importancia de prevenir el COVID-19, siguiendo la recomendaci\u00f3n de Urbina, debido a las posibles complicaciones a largo plazo como el post-COVID, que afecta al sistema nervioso central y card\u00edaco.<\/p>\n\n\n\n<p>\u00abHay que evitar que nos d\u00e9 COVID, porque no es nada m\u00e1s la fase aguda del malestar, sino los eventos posteriores que pueden pasar, y hablamos del postcovid, en semanas o meses que, cada vez, sabemos m\u00e1s que afectan a cualquier parte del cuerpo, al sistema nervioso central y card\u00edaco\u201d, resalt\u00f3.<\/p>\n\n\n\n<p><em><strong>Con informaci\u00f3n de El Impulso.<\/strong><\/em><\/p>\n","protected":false},"excerpt":{"rendered":"<p>A pesar de que para gran parte de la poblaci\u00f3n parece un asunto del pasado, la propagaci\u00f3n de la infecci\u00f3n por COVID-19 sigue activa en varios pa\u00edses, as\u00ed en algunos casos sea tratado como&nbsp;\u201cun proceso respiratorio m\u00e1s\u201d, como la influenza o la gripe. Huniades Urbina, presidente de la Academia Nacional de Medicina, inform\u00f3 que en [&hellip;]<\/p>\n","protected":false},"author":2,"featured_media":251690,"comment_status":"closed","ping_status":"closed","sticky":false,"template":"","format":"standard","meta":{"footnotes":""},"categories":[5,19],"tags":[],"class_list":{"0":"post-251689","1":"post","2":"type-post","3":"status-publish","4":"format-standard","5":"has-post-thumbnail","7":"category-destacado","8":"category-salud"},"_links":{"self":[{"href":"https:\/\/elluchador.info\/index.php?rest_route=\/wp\/v2\/posts\/251689","targetHints":{"allow":["GET"]}}],"collection":[{"href":"https:\/\/elluchador.info\/index.php?rest_route=\/wp\/v2\/posts"}],"about":[{"href":"https:\/\/elluchador.info\/index.php?rest_route=\/wp\/v2\/types\/post"}],"author":[{"embeddable":true,"href":"https:\/\/elluchador.info\/index.php?rest_route=\/wp\/v2\/users\/2"}],"replies":[{"embeddable":true,"href":"https:\/\/elluchador.info\/index.php?rest_route=%2Fwp%2Fv2%2Fcomments&post=251689"}],"version-history":[{"count":1,"href":"https:\/\/elluchador.info\/index.php?rest_route=\/wp\/v2\/posts\/251689\/revisions"}],"predecessor-version":[{"id":251691,"href":"https:\/\/elluchador.info\/index.php?rest_route=\/wp\/v2\/posts\/251689\/revisions\/251691"}],"wp:featuredmedia":[{"embeddable":true,"href":"https:\/\/elluchador.info\/index.php?rest_route=\/wp\/v2\/media\/251690"}],"wp:attachment":[{"href":"https:\/\/elluchador.info\/index.php?rest_route=%2Fwp%2Fv2%2Fmedia&parent=251689"}],"wp:term":[{"taxonomy":"category","embeddable":true,"href":"https:\/\/elluchador.info\/index.php?rest_route=%2Fwp%2Fv2%2Fcategories&post=251689"},{"taxonomy":"post_tag","embeddable":true,"href":"https:\/\/elluchador.info\/index.php?rest_route=%2Fwp%2Fv2%2Ftags&post=251689"}],"curies":[{"name":"wp","href":"https:\/\/api.w.org\/{rel}","templated":true}]}}