{"id":252256,"date":"2024-10-10T11:17:38","date_gmt":"2024-10-10T15:17:38","guid":{"rendered":"https:\/\/elluchador.info\/?p=252256"},"modified":"2024-10-10T11:17:50","modified_gmt":"2024-10-10T15:17:50","slug":"agrupacion-3-duenos-se-retira-del-cusica-fest-2024","status":"publish","type":"post","link":"https:\/\/elluchador.info\/?p=252256","title":{"rendered":"Agrupaci\u00f3n &#8216;3 Due\u00f1os&#8217; se retira del Cusica Fest 2024"},"content":{"rendered":"\n<p>La agrupaci\u00f3n venezolana de rap, &#8216;3 Due\u00f1os&#8217;, oficialmente se retira del Cusica Fest 2024, as\u00ed lo anunciaron por medio de un comunicado.<\/p>\n\n\n\n<p>Por medio de un escrito oficial, la productora del Cusica Fest, anunci\u00f3 el retiro formal de la banda de hip hop venezolana.<\/p>\n\n\n\n<p>De acuerdo con el documento, esto es motivado a que el int\u00e9rprete, Carlos Madera, mejor conocido como Sibilino, debe atender asuntos legales pendientes.<\/p>\n\n\n\n<p>Cabe destacar que desde 2021, Sibilino tiene una orden de aprehensi\u00f3n por violencia de g\u00e9nero contra la periodista y actriz Jeska Lee Ruiz. Tras el anuncio de su participaci\u00f3n en el festival, activistas y un grupo ONG solicitaron que se excluyera a la banda del evento.<\/p>\n\n\n\n<p>Ante las peticiones recibidas por la productora, se lleg\u00f3 a aun \u00abacuerdo\u00bb, en el que Sibilino se retira formalmente del festival, destacando que su salida significa la salida de &#8216;3 Due\u00f1os&#8217;.<\/p>\n\n\n\n<p>Asimismo, el cantante, se pronunci\u00f3 tras el anuncio de su salida del festival, difundiendo un escrtito en el que explica su situaci\u00f3n. All\u00ed asegura que siempre ha sido \u00abuna persona apegada a la ley\u00bb, por lo que atender estos asuntos legales eran parte de su intenci\u00f3n principal al visitar Venezuela.<\/p>\n\n\n\n<p>El Cusica Fest es un evento musical en el que se re\u00fanen diversas agrupaciones venezolanas que residen y hacen vida fuera de Venezuela. Desde 2019 se lleva a cabo este evento y actualmente, tiene una duraci\u00f3n de un solo d\u00eda.<\/p>\n\n\n\n<p><strong><em>Con informaci\u00f3n de RRSS.<\/em><\/strong><\/p>\n","protected":false},"excerpt":{"rendered":"<p>La agrupaci\u00f3n venezolana de rap, &#8216;3 Due\u00f1os&#8217;, oficialmente se retira del Cusica Fest 2024, as\u00ed lo anunciaron por medio de un comunicado. Por medio de un escrito oficial, la productora del Cusica Fest, anunci\u00f3 el retiro formal de la banda de hip hop venezolana. De acuerdo con el documento, esto es motivado a que el [&hellip;]<\/p>\n","protected":false},"author":2,"featured_media":252257,"comment_status":"closed","ping_status":"closed","sticky":false,"template":"","format":"standard","meta":{"footnotes":""},"categories":[7],"tags":[],"class_list":{"0":"post-252256","1":"post","2":"type-post","3":"status-publish","4":"format-standard","5":"has-post-thumbnail","7":"category-entretenimiento"},"_links":{"self":[{"href":"https:\/\/elluchador.info\/index.php?rest_route=\/wp\/v2\/posts\/252256","targetHints":{"allow":["GET"]}}],"collection":[{"href":"https:\/\/elluchador.info\/index.php?rest_route=\/wp\/v2\/posts"}],"about":[{"href":"https:\/\/elluchador.info\/index.php?rest_route=\/wp\/v2\/types\/post"}],"author":[{"embeddable":true,"href":"https:\/\/elluchador.info\/index.php?rest_route=\/wp\/v2\/users\/2"}],"replies":[{"embeddable":true,"href":"https:\/\/elluchador.info\/index.php?rest_route=%2Fwp%2Fv2%2Fcomments&post=252256"}],"version-history":[{"count":1,"href":"https:\/\/elluchador.info\/index.php?rest_route=\/wp\/v2\/posts\/252256\/revisions"}],"predecessor-version":[{"id":252258,"href":"https:\/\/elluchador.info\/index.php?rest_route=\/wp\/v2\/posts\/252256\/revisions\/252258"}],"wp:featuredmedia":[{"embeddable":true,"href":"https:\/\/elluchador.info\/index.php?rest_route=\/wp\/v2\/media\/252257"}],"wp:attachment":[{"href":"https:\/\/elluchador.info\/index.php?rest_route=%2Fwp%2Fv2%2Fmedia&parent=252256"}],"wp:term":[{"taxonomy":"category","embeddable":true,"href":"https:\/\/elluchador.info\/index.php?rest_route=%2Fwp%2Fv2%2Fcategories&post=252256"},{"taxonomy":"post_tag","embeddable":true,"href":"https:\/\/elluchador.info\/index.php?rest_route=%2Fwp%2Fv2%2Ftags&post=252256"}],"curies":[{"name":"wp","href":"https:\/\/api.w.org\/{rel}","templated":true}]}}