{"id":252322,"date":"2024-10-10T17:06:41","date_gmt":"2024-10-10T21:06:41","guid":{"rendered":"https:\/\/elluchador.info\/?p=252322"},"modified":"2024-10-10T17:06:44","modified_gmt":"2024-10-10T21:06:44","slug":"los-problemas-de-vision-pueden-anticipar-la-perdida-de-memoria-segun-un-estudio","status":"publish","type":"post","link":"https:\/\/elluchador.info\/?p=252322","title":{"rendered":"Los problemas de visi\u00f3n pueden anticipar la p\u00e9rdida de memoria, seg\u00fan un estudio"},"content":{"rendered":"\n<p>La\u00a0memoria\u00a0es la capacidad de los seres humanos para aprender, evocar y almacenar la informaci\u00f3n aprendida, y su p\u00e9rdida siempre es<strong>\u00a0una se\u00f1al de alarma en salud, ya que\u00a0<\/strong>depende del tipo de\u00a0<strong>olvido, sea propio del envejecimiento o patol\u00f3gico,\u00a0<\/strong>puede estar relacionado con enfermedades como el\u00a0<strong>Alzheimer<\/strong>.<\/p>\n\n\n\n<p>Seg\u00fan un reciente\u00a0informe\u00a0publicado por\u00a0<em>The Lancet,<\/em>\u00a0la\u00a0<strong>p\u00e9rdida de visi\u00f3n no tratada en edades avanzadas,<\/strong>\u00a0entre otros factores de riesgo, se asocia con el desarrollo de demencias y se suma a\u00a0<strong>otras doce causas<\/strong>\u00a0ya conocidas. El 2% de los casos de la enfermedad neurodegenerativa son atribuibles a esta causa.<\/p>\n\n\n\n<p>La evidencia muestra ahora que\u00a0<strong>la visi\u00f3n podr\u00eda anticipar la demencia hasta 12 a\u00f1os<\/strong>\u00a0antes de que se diagnostique, seg\u00fan un\u00a0estudio\u00a0reciente publicado en Scientific Reports. La investigaci\u00f3n, realizada en Norfolk, Inglaterra, sigui\u00f3 a 8.623 personas sanas a lo largo de varios a\u00f1os y descubri\u00f3 que una\u00a0<strong>reducci\u00f3n en la sensibilidad visual puede ser un primer signo de demencia.<\/strong><\/p>\n\n\n\n<p>Al concluir el estudio, 537 participantes hab\u00edan desarrollado esa enfermedad, lo que permiti\u00f3 a los investigadores identificar factores previos al diagn\u00f3stico.<\/p>\n\n\n\n<h2 class=\"wp-block-heading\">Los descubrimientos del estudio<\/h2>\n\n\n\n<p><img loading=\"lazy\" decoding=\"async\" height=\"816\" width=\"1456\" src=\"https:\/\/www.infobae.com\/resizer\/v2\/O7QNVMTA6FAJJIEQ6S7QRIF7UA.jpg?auth=adb5a973b52a5b30b8f918521e8d944f722e7ade498cfe797ed564f1bdd2342f&amp;smart=true&amp;width=350&amp;height=197&amp;quality=85\" alt=\"Un estudio reciente indica que la sensibilidad visual disminuida puede anticipar la p\u00e9rdida de memoria, sugiriendo nuevos enfoques en diagn\u00f3sticos anticipados de enfermedades cognitivas como la demencia - (Imagen Ilustrativa Infobae)\"><\/p>\n\n\n\n<p>Una de las pruebas clave fue la de&nbsp;<strong>sensibilidad visual<\/strong>, en la que los participantes deb\u00edan identificar un&nbsp;<strong>tri\u00e1ngulo&nbsp;<\/strong>en un campo de puntos en movimiento. Aquellos que posteriormente desarrollaron demencia mostraron una significativa&nbsp;<strong>demora&nbsp;<\/strong>en detectar el tri\u00e1ngulo comparado con aquellos que no desarrollaron la enfermedad.<\/p>\n\n\n\n<p>Los investigadores sugieren que estas diferencias pueden tener relaci\u00f3n con la presencia de&nbsp;<strong>placas amiloides<\/strong>, una caracter\u00edstica propia del&nbsp;<strong>Alzheimer<\/strong>. Estas pueden afectar&nbsp;<strong>\u00e1reas del cerebro asociadas con la visi\u00f3n<\/strong>&nbsp;antes de da\u00f1ar las regiones relacionadas con la memoria.<\/p>\n\n\n\n<p>Adem\u00e1s de la p\u00e9rdida de la vista, otros\u00a0estudios\u00a0han destacado aspectos que pueden estar asociados al Alzheimer, como la\u00a0<strong>p\u00e9rdida de sensibilidad al contraste y la capacidad para diferenciar colores<\/strong>.<\/p>\n\n\n\n<p>Otro\u00a0trabajo\u00a0proporcion\u00f3 m\u00e1s investigaci\u00f3n sobre el\u00a0<strong>seguimiento ocular\u00a0<\/strong>como un\u00a0<strong>biomarcador\u00a0<\/strong>de diagn\u00f3stico \u00fatil en la evaluaci\u00f3n de la demencia.<\/p>\n\n\n\n<p>Se observ\u00f3 que los participantes con Alzheimer ten\u00edan&nbsp;<strong>dificultades para ignorar distracciones<\/strong>, lo que podr\u00eda aumentar el riesgo de&nbsp;<strong>accidentes<\/strong>. La investigaci\u00f3n tambi\u00e9n destac\u00f3 que las personas en las primeras etapas de esta demencia presentan sutiles&nbsp;<strong>alteraciones en la inhibici\u00f3n cognitiva<\/strong>, que pueden ser detectadas mediante paradigmas de seguimiento ocular.<\/p>\n\n\n\n<p>Estas alteraciones suelen pasar<strong>&nbsp;desapercibidas en las evaluaciones cognitivas&nbsp;<\/strong>tradicionales, lo que subraya la importancia de m\u00e9todos alternativos para el&nbsp;<strong>diagn\u00f3stico temprano.<\/strong><\/p>\n\n\n\n<p>Los expertos tambi\u00e9n vieron que las personas con demencia tienden a&nbsp;<strong>procesar de manera ineficiente los rostros&nbsp;<\/strong>de personas nuevas. En lugar de seguir el patr\u00f3n habitual de escanear los ojos, nariz y boca, los pacientes con Alzheimer no \u201cgraban\u201d correctamente los rostros, lo que afecta su capacidad de reconocer a las personas posteriormente.<\/p>\n\n\n\n<p>Este problema inicial de&nbsp;<strong>reconocimiento facial&nbsp;<\/strong>puede estar relacionado con&nbsp;<strong>movimientos oculares ineficaces<\/strong>&nbsp;en lugar de un trastorno de la memoria per se, dijeron los investigadores.<\/p>\n\n\n\n<p>Algunos\u00a0estudios\u00a0sugieren una posible asociaci\u00f3n entre los ojos y el rendimiento cognitivo. Ante esto, se explora la posibilidad de mejorar el movimiento ocular, ya que podr\u00eda tener un\u00a0<strong>efecto positivo en la memoria.<\/strong><\/p>\n\n\n\n<h2 class=\"wp-block-heading\">Los s\u00edntomas de la p\u00e9rdida de memoria<\/h2>\n\n\n\n<p><img loading=\"lazy\" decoding=\"async\" height=\"816\" width=\"1456\" src=\"https:\/\/www.infobae.com\/resizer\/v2\/JLFZROQ5XVASNBVUGKKUDHMVCM.jpg?auth=90e6f4e8cdddcf80576f8e595e01e61d3281ff265d0cb7f1d5d2f9beea1fb562&amp;smart=true&amp;width=350&amp;height=197&amp;quality=85\" alt=\"Un estudio realizado por investigadores de la Universidad de Cambridge revel\u00f3 una relaci\u00f3n entre la vista y el desarrollo de demencia (Imagen Ilustrativa Infobae)\"><\/p>\n\n\n\n<p>Ciertas formas de fallas al recordar son anormales y pueden ser indicativas de problemas mayores:<\/p>\n\n\n\n<ol class=\"wp-block-list\">\n<li><strong>Dificultad para aprender cosas nuevas.<\/strong><\/li>\n\n\n\n<li><strong>Problemas para hacer y comprender cosas que antes eran f\u00e1ciles.<\/strong><\/li>\n\n\n\n<li><strong>Olvidar conversaciones r\u00e1pidamente.<\/strong><\/li>\n\n\n\n<li><strong>Perderse en lugares familiares.<\/strong><\/li>\n\n\n\n<li><strong>Repetir historias con frecuencia.<\/strong><\/li>\n\n\n\n<li><strong>Los seres queridos se\u00f1alan que algo anda mal.<\/strong>\u00a0Es m\u00e1s probable que un ser querido pueda detectar tempranamente problemas como la repetici\u00f3n de historias en el d\u00eda a d\u00eda.<\/li>\n<\/ol>\n\n\n\n<h2 class=\"wp-block-heading\">\u00bfCu\u00e1ndo es preocupante la p\u00e9rdida de memoria?<\/h2>\n\n\n\n<p>La p\u00e9rdida de memoria suele ser uno de los primeros o m\u00e1s reconocibles signos de demencia. Otros signos tempranos pueden incluir:<\/p>\n\n\n\n<ul class=\"wp-block-list\">\n<li><strong>Hacer las mismas preguntas repetidamente.<\/strong><\/li>\n\n\n\n<li><strong>Olvidar palabras comunes al hablar.<\/strong><\/li>\n\n\n\n<li><strong>Mezclar palabras, como decir \u201ccama\u201d en lugar de \u201cmesa\u201d.<\/strong><\/li>\n\n\n\n<li><strong>Tomar m\u00e1s tiempo para completar tareas familiares, como seguir una receta.<\/strong><\/li>\n\n\n\n<li><strong>Extraviar objetos en lugares inapropiados, como poner una billetera en un caj\u00f3n de la cocina.<\/strong><\/li>\n\n\n\n<li><strong>Perderse mientras camina o conduce en un \u00e1rea conocida.<\/strong><\/li>\n\n\n\n<li><strong>Tener cambios de humor o de comportamiento sin motivo aparente.<\/strong><\/li>\n<\/ul>\n\n\n\n<h2 class=\"wp-block-heading\">C\u00f3mo retrasar la p\u00e9rdida de memoria<\/h2>\n\n\n\n<ul class=\"wp-block-list\">\n<li><strong>Practicar actividad f\u00edsica.\u00a0<\/strong>Es fundamental, ya que estimula al sistema circulatorio y, por ende, al flujo sangu\u00edneo en todo el cuerpo. Lo m\u00e1s importante es que este factor tambi\u00e9n impacta en el cerebro y lo mantiene oxigenado, lo que ayuda a evitar su deterioro.<\/li>\n\n\n\n<li><strong>Estimular el cerebro.<\/strong>\u00a0Toda acci\u00f3n que requiera un esfuerzo mental, como leer, hacer crucigramas, aprender nuevos idiomas o aprender a tocar instrumentos, incentiva al cerebro y lo mantiene activo.<\/li>\n<\/ul>\n\n\n\n<p><img loading=\"lazy\" decoding=\"async\" height=\"816\" width=\"1456\" src=\"https:\/\/www.infobae.com\/resizer\/v2\/TVBOUX6J7NHXDNE5BH27F2PE4U.jpg?auth=49bac2a7a655016a9471e44e8756917e2b1fe8707ae31987432a9f04d4584ead&amp;smart=true&amp;width=350&amp;height=197&amp;quality=85\" alt=\"Dormir entre 7 y 9 horas, sin interrupciones, es fundamental para una buena memoria (Imagen Ilustrativa Infobae)\"><\/p>\n\n\n\n<ul class=\"wp-block-list\">\n<li><strong>Mantener relaciones sociales.<\/strong>\u00a0El entablar conversaciones y pasar tiempo con seres queridos ayuda a bajar los niveles de estr\u00e9s y a combatir la depresi\u00f3n, que suelen empeorar la calidad de la memoria.<\/li>\n\n\n\n<li><strong>Tener una buena rutina de descanso<\/strong>\u00a0y acostarse temprano para lograr dormir entre 7 y 9 horas, sin interrupciones, es importante para una buena memoria.<\/li>\n\n\n\n<li><strong>Seguir una dieta saludable.<\/strong>\u00a0La Biblioteca Nacional de Medicina de los Estados Unidos recomienda consumir frutas, verduras, cereales integrales y carnes bajas en grasa. En contraposici\u00f3n, desalienta el consumo de alcohol que \u201cpuede llevar a confusi\u00f3n y p\u00e9rdida de memoria\u201d.<\/li>\n<\/ul>\n\n\n\n<p><strong><em>Con informaci\u00f3n de infobae.<\/em><\/strong><\/p>\n","protected":false},"excerpt":{"rendered":"<p>La\u00a0memoria\u00a0es la capacidad de los seres humanos para aprender, evocar y almacenar la informaci\u00f3n aprendida, y su p\u00e9rdida siempre es\u00a0una se\u00f1al de alarma en salud, ya que\u00a0depende del tipo de\u00a0olvido, sea propio del envejecimiento o patol\u00f3gico,\u00a0puede estar relacionado con enfermedades como el\u00a0Alzheimer. Seg\u00fan un reciente\u00a0informe\u00a0publicado por\u00a0The Lancet,\u00a0la\u00a0p\u00e9rdida de visi\u00f3n no tratada en edades avanzadas,\u00a0entre otros [&hellip;]<\/p>\n","protected":false},"author":2,"featured_media":252323,"comment_status":"closed","ping_status":"closed","sticky":false,"template":"","format":"standard","meta":{"footnotes":""},"categories":[19],"tags":[],"class_list":{"0":"post-252322","1":"post","2":"type-post","3":"status-publish","4":"format-standard","5":"has-post-thumbnail","7":"category-salud"},"_links":{"self":[{"href":"https:\/\/elluchador.info\/index.php?rest_route=\/wp\/v2\/posts\/252322","targetHints":{"allow":["GET"]}}],"collection":[{"href":"https:\/\/elluchador.info\/index.php?rest_route=\/wp\/v2\/posts"}],"about":[{"href":"https:\/\/elluchador.info\/index.php?rest_route=\/wp\/v2\/types\/post"}],"author":[{"embeddable":true,"href":"https:\/\/elluchador.info\/index.php?rest_route=\/wp\/v2\/users\/2"}],"replies":[{"embeddable":true,"href":"https:\/\/elluchador.info\/index.php?rest_route=%2Fwp%2Fv2%2Fcomments&post=252322"}],"version-history":[{"count":1,"href":"https:\/\/elluchador.info\/index.php?rest_route=\/wp\/v2\/posts\/252322\/revisions"}],"predecessor-version":[{"id":252324,"href":"https:\/\/elluchador.info\/index.php?rest_route=\/wp\/v2\/posts\/252322\/revisions\/252324"}],"wp:featuredmedia":[{"embeddable":true,"href":"https:\/\/elluchador.info\/index.php?rest_route=\/wp\/v2\/media\/252323"}],"wp:attachment":[{"href":"https:\/\/elluchador.info\/index.php?rest_route=%2Fwp%2Fv2%2Fmedia&parent=252322"}],"wp:term":[{"taxonomy":"category","embeddable":true,"href":"https:\/\/elluchador.info\/index.php?rest_route=%2Fwp%2Fv2%2Fcategories&post=252322"},{"taxonomy":"post_tag","embeddable":true,"href":"https:\/\/elluchador.info\/index.php?rest_route=%2Fwp%2Fv2%2Ftags&post=252322"}],"curies":[{"name":"wp","href":"https:\/\/api.w.org\/{rel}","templated":true}]}}