{"id":253020,"date":"2024-10-16T09:26:57","date_gmt":"2024-10-16T13:26:57","guid":{"rendered":"https:\/\/elluchador.info\/?p=253020"},"modified":"2024-10-16T09:27:02","modified_gmt":"2024-10-16T13:27:02","slug":"colombia-capturan-a-cinco-integrantes-de-la-banda-criminal-tren-de-aragua","status":"publish","type":"post","link":"https:\/\/elluchador.info\/?p=253020","title":{"rendered":"Colombia: Capturan a cinco integrantes de la banda criminal \u00abTren de Aragua\u00bb"},"content":{"rendered":"\n<p>Autoridades de Colombia capturaron a cinco integrantes de la banda criminal \u00abTren de Aragua\u00bb, dedicados a cometer varios delitos en la naci\u00f3n neogranadina.<\/p>\n\n\n\n<p>Seg\u00fan la informaci\u00f3n de BluRadio Colombia, entre los detenidos se encuentra alias<strong>&nbsp;\u00abBellaco\u00bb<\/strong>, qui\u00e9n ser\u00eda el responsable del lanzamiento de una granada hace un mes en el sector de Kennedy, y tambi\u00e9n alias<strong>&nbsp;\u00abFrancesca\u00bb&nbsp;<\/strong>cabecilla de la zona encargada de extorsionar a trabajadoras sexuales del sector de la 3.<\/p>\n\n\n\n<figure class=\"wp-block-embed is-type-rich is-provider-twitter wp-block-embed-twitter\"><div class=\"wp-block-embed__wrapper\">\n<blockquote class=\"twitter-tweet\" data-width=\"550\" data-dnt=\"true\"><p lang=\"es\" dir=\"ltr\">Entre los capturados se encuentra \u201cBellaco\u201d presunto responsable del lanzamiento de una granada el pasado 10 de septiembre en el sector de la 38 en Kennedy que dej\u00f3 dos personas muertas y diez heridos, entre ellos dos polic\u00edas. <a href=\"https:\/\/t.co\/cEYDIYKSsC\">pic.twitter.com\/cEYDIYKSsC<\/a><\/p>&mdash; Polic\u00eda Metropolitana de Bogot\u00e1 (@PoliciaBogota) <a href=\"https:\/\/twitter.com\/PoliciaBogota\/status\/1846515403171803404?ref_src=twsrc%5Etfw\">October 16, 2024<\/a><\/blockquote><script async src=\"https:\/\/platform.twitter.com\/widgets.js\" charset=\"utf-8\"><\/script>\n<\/div><\/figure>\n\n\n\n<p>Con informaci\u00f3n <strong><em><mark style=\"background-color:rgba(0, 0, 0, 0)\" class=\"has-inline-color has-luminous-vivid-orange-color\">Blu Radio<\/mark><\/em><\/strong><\/p>\n","protected":false},"excerpt":{"rendered":"<p>Autoridades de Colombia capturaron a cinco integrantes de la banda criminal \u00abTren de Aragua\u00bb, dedicados a cometer varios delitos en la naci\u00f3n neogranadina. Seg\u00fan la informaci\u00f3n de BluRadio Colombia, entre los detenidos se encuentra alias&nbsp;\u00abBellaco\u00bb, qui\u00e9n ser\u00eda el responsable del lanzamiento de una granada hace un mes en el sector de Kennedy, y tambi\u00e9n alias&nbsp;\u00abFrancesca\u00bb&nbsp;cabecilla [&hellip;]<\/p>\n","protected":false},"author":33,"featured_media":253023,"comment_status":"closed","ping_status":"closed","sticky":false,"template":"","format":"standard","meta":{"footnotes":""},"categories":[8],"tags":[397,2038],"class_list":{"0":"post-253020","1":"post","2":"type-post","3":"status-publish","4":"format-standard","5":"has-post-thumbnail","7":"category-internacionales","8":"tag-colombia","9":"tag-tren-de-aragua"},"_links":{"self":[{"href":"https:\/\/elluchador.info\/index.php?rest_route=\/wp\/v2\/posts\/253020","targetHints":{"allow":["GET"]}}],"collection":[{"href":"https:\/\/elluchador.info\/index.php?rest_route=\/wp\/v2\/posts"}],"about":[{"href":"https:\/\/elluchador.info\/index.php?rest_route=\/wp\/v2\/types\/post"}],"author":[{"embeddable":true,"href":"https:\/\/elluchador.info\/index.php?rest_route=\/wp\/v2\/users\/33"}],"replies":[{"embeddable":true,"href":"https:\/\/elluchador.info\/index.php?rest_route=%2Fwp%2Fv2%2Fcomments&post=253020"}],"version-history":[{"count":1,"href":"https:\/\/elluchador.info\/index.php?rest_route=\/wp\/v2\/posts\/253020\/revisions"}],"predecessor-version":[{"id":253024,"href":"https:\/\/elluchador.info\/index.php?rest_route=\/wp\/v2\/posts\/253020\/revisions\/253024"}],"wp:featuredmedia":[{"embeddable":true,"href":"https:\/\/elluchador.info\/index.php?rest_route=\/wp\/v2\/media\/253023"}],"wp:attachment":[{"href":"https:\/\/elluchador.info\/index.php?rest_route=%2Fwp%2Fv2%2Fmedia&parent=253020"}],"wp:term":[{"taxonomy":"category","embeddable":true,"href":"https:\/\/elluchador.info\/index.php?rest_route=%2Fwp%2Fv2%2Fcategories&post=253020"},{"taxonomy":"post_tag","embeddable":true,"href":"https:\/\/elluchador.info\/index.php?rest_route=%2Fwp%2Fv2%2Ftags&post=253020"}],"curies":[{"name":"wp","href":"https:\/\/api.w.org\/{rel}","templated":true}]}}