{"id":253032,"date":"2024-10-16T10:14:18","date_gmt":"2024-10-16T14:14:18","guid":{"rendered":"https:\/\/elluchador.info\/?p=253032"},"modified":"2024-10-16T10:14:21","modified_gmt":"2024-10-16T14:14:21","slug":"minindustrias-fomenta-el-crecimiento-de-la-industria-textil-en-el-pais","status":"publish","type":"post","link":"https:\/\/elluchador.info\/?p=253032","title":{"rendered":"MinIndustrias fomenta el crecimiento de la industria textil en el pa\u00eds"},"content":{"rendered":"\n<p>Con la finalidad de sustituir importaciones por manufactura 100% venezolana y fomentar el crecimiento de la industria de la confecci\u00f3n, el ministro del Poder Popular para la Industria, Pedro Rafael Tellechea, impuls\u00f3 un di\u00e1logo constructivo con las principales empresas del sector textil en Venezuela en la sede del ente.<\/p>\n\n\n\n<p>La informaci\u00f3n fue publicada en la cuenta de red social Instagram de la cartera ministerial de industrias, donde resalt\u00f3 que estas acciones se ejecutan con la finalidad de fortalecer la producci\u00f3n nacional y se abordaron temas fundamentales como el impulso del encadenamiento productivo.<\/p>\n\n\n\n<p>Asimismo, public\u00f3 que durante la jornada, se trazaron estrategias para simplificar tr\u00e1mites aduaneros, apoyar a las Peque\u00f1a y Mediana Empresa (Pymes) y promover el encadenamiento productivo, siendo pilares esenciales para consolidar la base industrial y potenciar el desarrollo del sector.<\/p>\n\n\n\n<p>Del mismo modo, ratific\u00f3 que con el apoyo de la empresa Algodones del Orinoco y la Agencia de Promoci\u00f3n de Exportaciones, Venezuela apuesta por posicionar productos de calidad en mercados internacionales con el sello \u00abHecho en Venezuela\u00bb.<\/p>\n\n\n\n<p>Con informaci\u00f3n <strong><em><mark style=\"background-color:rgba(0, 0, 0, 0)\" class=\"has-inline-color has-vivid-red-color\">AVN<\/mark><\/em><\/strong><\/p>\n","protected":false},"excerpt":{"rendered":"<p>Con la finalidad de sustituir importaciones por manufactura 100% venezolana y fomentar el crecimiento de la industria de la confecci\u00f3n, el ministro del Poder Popular para la Industria, Pedro Rafael Tellechea, impuls\u00f3 un di\u00e1logo constructivo con las principales empresas del sector textil en Venezuela en la sede del ente. La informaci\u00f3n fue publicada en la [&hellip;]<\/p>\n","protected":false},"author":33,"featured_media":253033,"comment_status":"closed","ping_status":"closed","sticky":false,"template":"","format":"standard","meta":{"footnotes":""},"categories":[6],"tags":[2315,2314,105],"class_list":{"0":"post-253032","1":"post","2":"type-post","3":"status-publish","4":"format-standard","5":"has-post-thumbnail","7":"category-economia","8":"tag-telas","9":"tag-textiles","10":"tag-venezuela"},"_links":{"self":[{"href":"https:\/\/elluchador.info\/index.php?rest_route=\/wp\/v2\/posts\/253032","targetHints":{"allow":["GET"]}}],"collection":[{"href":"https:\/\/elluchador.info\/index.php?rest_route=\/wp\/v2\/posts"}],"about":[{"href":"https:\/\/elluchador.info\/index.php?rest_route=\/wp\/v2\/types\/post"}],"author":[{"embeddable":true,"href":"https:\/\/elluchador.info\/index.php?rest_route=\/wp\/v2\/users\/33"}],"replies":[{"embeddable":true,"href":"https:\/\/elluchador.info\/index.php?rest_route=%2Fwp%2Fv2%2Fcomments&post=253032"}],"version-history":[{"count":1,"href":"https:\/\/elluchador.info\/index.php?rest_route=\/wp\/v2\/posts\/253032\/revisions"}],"predecessor-version":[{"id":253034,"href":"https:\/\/elluchador.info\/index.php?rest_route=\/wp\/v2\/posts\/253032\/revisions\/253034"}],"wp:featuredmedia":[{"embeddable":true,"href":"https:\/\/elluchador.info\/index.php?rest_route=\/wp\/v2\/media\/253033"}],"wp:attachment":[{"href":"https:\/\/elluchador.info\/index.php?rest_route=%2Fwp%2Fv2%2Fmedia&parent=253032"}],"wp:term":[{"taxonomy":"category","embeddable":true,"href":"https:\/\/elluchador.info\/index.php?rest_route=%2Fwp%2Fv2%2Fcategories&post=253032"},{"taxonomy":"post_tag","embeddable":true,"href":"https:\/\/elluchador.info\/index.php?rest_route=%2Fwp%2Fv2%2Ftags&post=253032"}],"curies":[{"name":"wp","href":"https:\/\/api.w.org\/{rel}","templated":true}]}}