{"id":253040,"date":"2024-10-16T10:25:05","date_gmt":"2024-10-16T14:25:05","guid":{"rendered":"https:\/\/elluchador.info\/?p=253040"},"modified":"2024-10-16T10:25:08","modified_gmt":"2024-10-16T14:25:08","slug":"venezuela-en-el-top-10-del-mundial-juvenil-de-karate","status":"publish","type":"post","link":"https:\/\/elluchador.info\/?p=253040","title":{"rendered":"Venezuela en el top 10 del Mundial Juvenil de karate"},"content":{"rendered":"\n<p>M\u00e1s de 30 karatecas venezolanos participaron en el Campeonato Mundial Juvenil de Karate Jesolo 2024, realizado en el Palazzo del Turismo de Venecia, Italia, donde cuatro atletas criollos lograron entrar en el Top 10 de la competencia.<\/p>\n\n\n\n<p>La ardua participaci\u00f3n y trabajo en equipo de la selecci\u00f3n juvenil de karate venezolano, logr\u00f3 posicionar a Fabian Angelo, categor\u00eda kumite cadete -63kg, quien se ubic\u00f3 en la quinta posici\u00f3n, mientras en el s\u00e9ptimo lugar se coloc\u00f3 Fernando Zambrano, de kata U21.<\/p>\n\n\n\n<p>Por la rama femenina, Marena Juncosa (kumite U21, 68kg) logr\u00f3 el puesto n\u00famero n\u00famero 9, y Daniela Garc\u00eda (kata U21) se qued\u00f3 igualmente con el noveno lugar en su categor\u00eda<\/p>\n\n\n\n<p>Desde el pasado 09 hasta el 13 de octubre, cerca de 1.900 atletas de 109 pa\u00edses compitieron en este torneo organizado por la Federaci\u00f3n Italiana de Karate, que seg\u00fan los especialistas, marc\u00f3 una era de excelencia en el atractivo global del Karate.<\/p>\n\n\n\n<p>Con informaci\u00f3n <strong><mark style=\"background-color:rgba(0, 0, 0, 0)\" class=\"has-inline-color has-vivid-red-color\">MinDeporte<\/mark><\/strong><\/p>\n","protected":false},"excerpt":{"rendered":"<p>M\u00e1s de 30 karatecas venezolanos participaron en el Campeonato Mundial Juvenil de Karate Jesolo 2024, realizado en el Palazzo del Turismo de Venecia, Italia, donde cuatro atletas criollos lograron entrar en el Top 10 de la competencia. La ardua participaci\u00f3n y trabajo en equipo de la selecci\u00f3n juvenil de karate venezolano, logr\u00f3 posicionar a Fabian [&hellip;]<\/p>\n","protected":false},"author":33,"featured_media":253041,"comment_status":"closed","ping_status":"closed","sticky":false,"template":"","format":"standard","meta":{"footnotes":""},"categories":[4],"tags":[1765,105],"class_list":{"0":"post-253040","1":"post","2":"type-post","3":"status-publish","4":"format-standard","5":"has-post-thumbnail","7":"category-deportes","8":"tag-karate","9":"tag-venezuela"},"_links":{"self":[{"href":"https:\/\/elluchador.info\/index.php?rest_route=\/wp\/v2\/posts\/253040","targetHints":{"allow":["GET"]}}],"collection":[{"href":"https:\/\/elluchador.info\/index.php?rest_route=\/wp\/v2\/posts"}],"about":[{"href":"https:\/\/elluchador.info\/index.php?rest_route=\/wp\/v2\/types\/post"}],"author":[{"embeddable":true,"href":"https:\/\/elluchador.info\/index.php?rest_route=\/wp\/v2\/users\/33"}],"replies":[{"embeddable":true,"href":"https:\/\/elluchador.info\/index.php?rest_route=%2Fwp%2Fv2%2Fcomments&post=253040"}],"version-history":[{"count":1,"href":"https:\/\/elluchador.info\/index.php?rest_route=\/wp\/v2\/posts\/253040\/revisions"}],"predecessor-version":[{"id":253042,"href":"https:\/\/elluchador.info\/index.php?rest_route=\/wp\/v2\/posts\/253040\/revisions\/253042"}],"wp:featuredmedia":[{"embeddable":true,"href":"https:\/\/elluchador.info\/index.php?rest_route=\/wp\/v2\/media\/253041"}],"wp:attachment":[{"href":"https:\/\/elluchador.info\/index.php?rest_route=%2Fwp%2Fv2%2Fmedia&parent=253040"}],"wp:term":[{"taxonomy":"category","embeddable":true,"href":"https:\/\/elluchador.info\/index.php?rest_route=%2Fwp%2Fv2%2Fcategories&post=253040"},{"taxonomy":"post_tag","embeddable":true,"href":"https:\/\/elluchador.info\/index.php?rest_route=%2Fwp%2Fv2%2Ftags&post=253040"}],"curies":[{"name":"wp","href":"https:\/\/api.w.org\/{rel}","templated":true}]}}