{"id":253043,"date":"2024-10-16T10:29:30","date_gmt":"2024-10-16T14:29:30","guid":{"rendered":"https:\/\/elluchador.info\/?p=253043"},"modified":"2024-10-16T10:29:34","modified_gmt":"2024-10-16T14:29:34","slug":"sector-menca-de-leoni-afectado-por-las-fallas-electricas","status":"publish","type":"post","link":"https:\/\/elluchador.info\/?p=253043","title":{"rendered":"Sector Menca de Leoni afectado por las fallas el\u00e9ctricas"},"content":{"rendered":"\n<p>Los habitantes de la comunidad Menca de Leoni, en la parroquia La Sabanita, manifiestan que \u00faltimamente est\u00e1n siendo afectados por constantes fluctuaciones el\u00e9ctricas en esta zona popular.<\/p>\n\n\n\n<p>Refieren que las interrupciones en el servicio pueden durar de 2 a 3 horas, lo que los ha llevado a hacer un llamado a los organismos gubernamentales competentes.<\/p>\n\n\n\n<p>Carlos M\u00e9ndez expres\u00f3 que, anteriormente, la comunidad, a pesar de ser un barrio, no sufr\u00eda estos bajones que ahora se han incrementado en las comunidades del municipio Angostura del Orinoco. \u00abCuando menos piensas, se va la luz, afectando a la ciudadan\u00eda. Este es un servicio que ha ido en decadencia\u00bb, afirm\u00f3 M\u00e9ndez.<\/p>\n\n\n\n<p>En Menca de Leoni, los habitantes piden que haya menos cortes o bajones de luz. Anteriormente, se avisaba cuando iban a quitar la luz por algunas horas debido a racionamientos el\u00e9ctricos, pero ahora dicen que esto no sucede as\u00ed y que las fallas han aumentado considerablemente.<\/p>\n\n\n\n<p><strong><em><mark style=\"background-color:rgba(0, 0, 0, 0)\" class=\"has-inline-color has-vivid-cyan-blue-color\">Yanitza Mart\u00ednez<\/mark><\/em><\/strong><\/p>\n","protected":false},"excerpt":{"rendered":"<p>Los habitantes de la comunidad Menca de Leoni, en la parroquia La Sabanita, manifiestan que \u00faltimamente est\u00e1n siendo afectados por constantes fluctuaciones el\u00e9ctricas en esta zona popular. Refieren que las interrupciones en el servicio pueden durar de 2 a 3 horas, lo que los ha llevado a hacer un llamado a los organismos gubernamentales competentes. [&hellip;]<\/p>\n","protected":false},"author":33,"featured_media":253044,"comment_status":"closed","ping_status":"closed","sticky":false,"template":"","format":"standard","meta":{"footnotes":""},"categories":[2],"tags":[306],"class_list":{"0":"post-253043","1":"post","2":"type-post","3":"status-publish","4":"format-standard","5":"has-post-thumbnail","7":"category-comunidad","8":"tag-ciudad-bolivar"},"_links":{"self":[{"href":"https:\/\/elluchador.info\/index.php?rest_route=\/wp\/v2\/posts\/253043","targetHints":{"allow":["GET"]}}],"collection":[{"href":"https:\/\/elluchador.info\/index.php?rest_route=\/wp\/v2\/posts"}],"about":[{"href":"https:\/\/elluchador.info\/index.php?rest_route=\/wp\/v2\/types\/post"}],"author":[{"embeddable":true,"href":"https:\/\/elluchador.info\/index.php?rest_route=\/wp\/v2\/users\/33"}],"replies":[{"embeddable":true,"href":"https:\/\/elluchador.info\/index.php?rest_route=%2Fwp%2Fv2%2Fcomments&post=253043"}],"version-history":[{"count":1,"href":"https:\/\/elluchador.info\/index.php?rest_route=\/wp\/v2\/posts\/253043\/revisions"}],"predecessor-version":[{"id":253045,"href":"https:\/\/elluchador.info\/index.php?rest_route=\/wp\/v2\/posts\/253043\/revisions\/253045"}],"wp:featuredmedia":[{"embeddable":true,"href":"https:\/\/elluchador.info\/index.php?rest_route=\/wp\/v2\/media\/253044"}],"wp:attachment":[{"href":"https:\/\/elluchador.info\/index.php?rest_route=%2Fwp%2Fv2%2Fmedia&parent=253043"}],"wp:term":[{"taxonomy":"category","embeddable":true,"href":"https:\/\/elluchador.info\/index.php?rest_route=%2Fwp%2Fv2%2Fcategories&post=253043"},{"taxonomy":"post_tag","embeddable":true,"href":"https:\/\/elluchador.info\/index.php?rest_route=%2Fwp%2Fv2%2Ftags&post=253043"}],"curies":[{"name":"wp","href":"https:\/\/api.w.org\/{rel}","templated":true}]}}