{"id":253080,"date":"2024-10-16T15:09:43","date_gmt":"2024-10-16T19:09:43","guid":{"rendered":"https:\/\/elluchador.info\/?p=253080"},"modified":"2024-10-16T15:09:47","modified_gmt":"2024-10-16T19:09:47","slug":"fedenaga-trabaja-para-mantener-estable-el-precio-de-la-carne","status":"publish","type":"post","link":"https:\/\/elluchador.info\/?p=253080","title":{"rendered":"Fedenaga trabaja para mantener estable el precio de la carne"},"content":{"rendered":"\n<p>El presidente de la Federaci\u00f3n Nacional de Ganaderos (Fedenaga), Edgar Medina, asegur\u00f3 este mi\u00e9rcoles que el sector trabaja para mantener el precio de la carne y que se han sostenido reuniones con las autoridades nacionales.<\/p>\n\n\n\n<p>\u00abEn el campo si est\u00e1 estable el precio , nosotros lo hemos venido manejando y eso ha sido reuni\u00f3n tras reuni\u00f3n (\u2026) para que por lo menos se mantenga\u00bb, dijo a Uni\u00f3n Radio.<\/p>\n\n\n\n<p>El representante de Fedenaga afirm\u00f3 que es necesario clasificar el ganado para evitar que el consumidor pague m\u00e1s de lo que debe.<\/p>\n\n\n\n<p>Con informaci\u00f3n de <strong><em><mark style=\"background-color:rgba(0, 0, 0, 0)\" class=\"has-inline-color has-luminous-vivid-orange-color\">Uni\u00f3n Radio<\/mark><\/em><\/strong><\/p>\n","protected":false},"excerpt":{"rendered":"<p>El presidente de la Federaci\u00f3n Nacional de Ganaderos (Fedenaga), Edgar Medina, asegur\u00f3 este mi\u00e9rcoles que el sector trabaja para mantener el precio de la carne y que se han sostenido reuniones con las autoridades nacionales. \u00abEn el campo si est\u00e1 estable el precio , nosotros lo hemos venido manejando y eso ha sido reuni\u00f3n tras [&hellip;]<\/p>\n","protected":false},"author":33,"featured_media":253082,"comment_status":"closed","ping_status":"closed","sticky":false,"template":"","format":"standard","meta":{"footnotes":""},"categories":[6],"tags":[491,2320],"class_list":{"0":"post-253080","1":"post","2":"type-post","3":"status-publish","4":"format-standard","5":"has-post-thumbnail","7":"category-economia","8":"tag-carne","9":"tag-fedenagra"},"_links":{"self":[{"href":"https:\/\/elluchador.info\/index.php?rest_route=\/wp\/v2\/posts\/253080","targetHints":{"allow":["GET"]}}],"collection":[{"href":"https:\/\/elluchador.info\/index.php?rest_route=\/wp\/v2\/posts"}],"about":[{"href":"https:\/\/elluchador.info\/index.php?rest_route=\/wp\/v2\/types\/post"}],"author":[{"embeddable":true,"href":"https:\/\/elluchador.info\/index.php?rest_route=\/wp\/v2\/users\/33"}],"replies":[{"embeddable":true,"href":"https:\/\/elluchador.info\/index.php?rest_route=%2Fwp%2Fv2%2Fcomments&post=253080"}],"version-history":[{"count":1,"href":"https:\/\/elluchador.info\/index.php?rest_route=\/wp\/v2\/posts\/253080\/revisions"}],"predecessor-version":[{"id":253083,"href":"https:\/\/elluchador.info\/index.php?rest_route=\/wp\/v2\/posts\/253080\/revisions\/253083"}],"wp:featuredmedia":[{"embeddable":true,"href":"https:\/\/elluchador.info\/index.php?rest_route=\/wp\/v2\/media\/253082"}],"wp:attachment":[{"href":"https:\/\/elluchador.info\/index.php?rest_route=%2Fwp%2Fv2%2Fmedia&parent=253080"}],"wp:term":[{"taxonomy":"category","embeddable":true,"href":"https:\/\/elluchador.info\/index.php?rest_route=%2Fwp%2Fv2%2Fcategories&post=253080"},{"taxonomy":"post_tag","embeddable":true,"href":"https:\/\/elluchador.info\/index.php?rest_route=%2Fwp%2Fv2%2Ftags&post=253080"}],"curies":[{"name":"wp","href":"https:\/\/api.w.org\/{rel}","templated":true}]}}