{"id":253122,"date":"2024-10-16T17:30:06","date_gmt":"2024-10-16T21:30:06","guid":{"rendered":"https:\/\/elluchador.info\/?p=253122"},"modified":"2024-10-16T17:30:11","modified_gmt":"2024-10-16T21:30:11","slug":"ministro-marquez-falla-electrica-afecto-25-del-pais","status":"publish","type":"post","link":"https:\/\/elluchador.info\/?p=253122","title":{"rendered":"Ministro M\u00e1rquez: Falla el\u00e9ctrica afect\u00f3 25% del pa\u00eds"},"content":{"rendered":"\n<p>El ministro de Energ\u00eda El\u00e9ctrica, Jorge M\u00e1rquez, inform\u00f3 que el baj\u00f3n el\u00e9ctrico registrado la tarde de este mi\u00e9rcoles obedece a un nuevo ataque al Sistema El\u00e9ctrico Nacional, afectando al 25% del pa\u00eds.<\/p>\n\n\n\n<p>\u00abTuvimos una afectaci\u00f3n bastante fuerte. Se pudo sentir en todo el pa\u00eds la fuerte alteraci\u00f3n del mismo. Pero ya, estamos en estos momentos recuperando para restituir el servicio y garantizarle a nuestro pueblo el servicio que ellos se merecen\u00bb, dijo en un contacto para VTV.<\/p>\n\n\n\n<p>A\u00f1adi\u00f3 que en es cuesti\u00f3n ya de una hora, cuarenta minutos, se restablecer\u00e1 el servicio en todo el pa\u00eds.<\/p>\n\n\n\n<p>\u00abEstos terroristas viven buscando la forma, c\u00f3mo hacernos da\u00f1o, c\u00f3mo hacerle el da\u00f1o a nuestros trabajadores, a nuestros abuelitos, a nuestros enfermos, a nuestros ni\u00f1os, en las escuelas, que en estos momentos est\u00e1n en la escuela y nos buscan hacer da\u00f1os atac\u00e1ndonos al Sistema El\u00e9ctrico Nacional, bueno, para generar sospechosos\u00bb.<\/p>\n\n\n\n<p><em><mark style=\"background-color:rgba(0, 0, 0, 0)\" class=\"has-inline-color has-luminous-vivid-amber-color\">Noticia en Desarrollo<\/mark><\/em><\/p>\n","protected":false},"excerpt":{"rendered":"<p>El ministro de Energ\u00eda El\u00e9ctrica, Jorge M\u00e1rquez, inform\u00f3 que el baj\u00f3n el\u00e9ctrico registrado la tarde de este mi\u00e9rcoles obedece a un nuevo ataque al Sistema El\u00e9ctrico Nacional, afectando al 25% del pa\u00eds. \u00abTuvimos una afectaci\u00f3n bastante fuerte. Se pudo sentir en todo el pa\u00eds la fuerte alteraci\u00f3n del mismo. Pero ya, estamos en estos momentos [&hellip;]<\/p>\n","protected":false},"author":33,"featured_media":253123,"comment_status":"closed","ping_status":"closed","sticky":false,"template":"","format":"standard","meta":{"footnotes":""},"categories":[5,9],"tags":[2326,188,105],"class_list":{"0":"post-253122","1":"post","2":"type-post","3":"status-publish","4":"format-standard","5":"has-post-thumbnail","7":"category-destacado","8":"category-nacionales","9":"tag-electrica","10":"tag-pais","11":"tag-venezuela"},"_links":{"self":[{"href":"https:\/\/elluchador.info\/index.php?rest_route=\/wp\/v2\/posts\/253122","targetHints":{"allow":["GET"]}}],"collection":[{"href":"https:\/\/elluchador.info\/index.php?rest_route=\/wp\/v2\/posts"}],"about":[{"href":"https:\/\/elluchador.info\/index.php?rest_route=\/wp\/v2\/types\/post"}],"author":[{"embeddable":true,"href":"https:\/\/elluchador.info\/index.php?rest_route=\/wp\/v2\/users\/33"}],"replies":[{"embeddable":true,"href":"https:\/\/elluchador.info\/index.php?rest_route=%2Fwp%2Fv2%2Fcomments&post=253122"}],"version-history":[{"count":2,"href":"https:\/\/elluchador.info\/index.php?rest_route=\/wp\/v2\/posts\/253122\/revisions"}],"predecessor-version":[{"id":253125,"href":"https:\/\/elluchador.info\/index.php?rest_route=\/wp\/v2\/posts\/253122\/revisions\/253125"}],"wp:featuredmedia":[{"embeddable":true,"href":"https:\/\/elluchador.info\/index.php?rest_route=\/wp\/v2\/media\/253123"}],"wp:attachment":[{"href":"https:\/\/elluchador.info\/index.php?rest_route=%2Fwp%2Fv2%2Fmedia&parent=253122"}],"wp:term":[{"taxonomy":"category","embeddable":true,"href":"https:\/\/elluchador.info\/index.php?rest_route=%2Fwp%2Fv2%2Fcategories&post=253122"},{"taxonomy":"post_tag","embeddable":true,"href":"https:\/\/elluchador.info\/index.php?rest_route=%2Fwp%2Fv2%2Ftags&post=253122"}],"curies":[{"name":"wp","href":"https:\/\/api.w.org\/{rel}","templated":true}]}}