{"id":253129,"date":"2024-10-16T17:54:44","date_gmt":"2024-10-16T21:54:44","guid":{"rendered":"https:\/\/elluchador.info\/?p=253129"},"modified":"2024-10-16T17:54:49","modified_gmt":"2024-10-16T21:54:49","slug":"terremoto-de-59-sacudio-la-provincia-de-malatya-al-sureste-de-turquia","status":"publish","type":"post","link":"https:\/\/elluchador.info\/?p=253129","title":{"rendered":"Terremoto de 5,9 sacudi\u00f3 la provincia de Malatya al sureste de Turqu\u00eda"},"content":{"rendered":"\n<p>Un terremoto de magnitud 5,9 se registr\u00f3 en Turqu\u00eda, siendo el epicentro el distrito de Kale, en la provincia de Malatya, en el sureste del pa\u00eds.<\/p>\n\n\n\n<p>El sismo se origin\u00f3 a unos 10,7 kil\u00f3metros de profundidad y se sinti\u00f3 tambi\u00e9n en las provincias de Elazig, Sanliurfa y Diyarbakir, siendo las las 10.46 hora local.<\/p>\n\n\n\n<p>Los medios locales informaron que no se registran graves da\u00f1os , ni tampoco v\u00edctimas fatales, aunque si hay cinco personas heridas que cayeron desde las alturas, seg\u00fan inform\u00f3 el gobernador de la provincia Seddar Yavuz.<\/p>\n\n\n\n<p>Numerosos habitantes de Malatya, (unos 670 kil\u00f3metros al sureste de Ankara), salieron de sus casas y muchos entraron en p\u00e1nico, recordando el sismo del 7 de febrero de 2023, el cual lamentablemente arroj\u00f3 un saldo de 53.000 muertos en el sudeste del pa\u00eds.<\/p>\n\n\n\n<p>Debido a la situaci\u00f3n presentada las clases se han suspendido en las cuatro provincias donde se registr\u00f3 el temblor.<\/p>\n\n\n\n<p>Vale destacar que los terremotos de hasta una magnitud 5 son frecuentes en Turqu\u00eda, atravesada por varias fallas tect\u00f3nicas, y por lo general no causan graves da\u00f1os.<\/p>\n\n\n\n<p>El sismo del 6 de febrero de 2023, que se registr\u00f3 a lo largo de una falla de cientos de kil\u00f3metros en el sureste del pa\u00eds, alcanz\u00f3 una magnitud 7,8 y caus\u00f3 m\u00e1s de 53.000 muertos y 107.000 heridos.<\/p>\n\n\n\n<p>Con informaci\u00f3n <em><strong><mark style=\"background-color:rgba(0, 0, 0, 0)\" class=\"has-inline-color has-luminous-vivid-orange-color\">\u00daN<\/mark><\/strong><\/em><\/p>\n","protected":false},"excerpt":{"rendered":"<p>Un terremoto de magnitud 5,9 se registr\u00f3 en Turqu\u00eda, siendo el epicentro el distrito de Kale, en la provincia de Malatya, en el sureste del pa\u00eds. El sismo se origin\u00f3 a unos 10,7 kil\u00f3metros de profundidad y se sinti\u00f3 tambi\u00e9n en las provincias de Elazig, Sanliurfa y Diyarbakir, siendo las las 10.46 hora local. Los [&hellip;]<\/p>\n","protected":false},"author":33,"featured_media":253130,"comment_status":"closed","ping_status":"closed","sticky":false,"template":"","format":"standard","meta":{"footnotes":""},"categories":[8],"tags":[95,923],"class_list":{"0":"post-253129","1":"post","2":"type-post","3":"status-publish","4":"format-standard","5":"has-post-thumbnail","7":"category-internacionales","8":"tag-terremoto","9":"tag-turquia"},"_links":{"self":[{"href":"https:\/\/elluchador.info\/index.php?rest_route=\/wp\/v2\/posts\/253129","targetHints":{"allow":["GET"]}}],"collection":[{"href":"https:\/\/elluchador.info\/index.php?rest_route=\/wp\/v2\/posts"}],"about":[{"href":"https:\/\/elluchador.info\/index.php?rest_route=\/wp\/v2\/types\/post"}],"author":[{"embeddable":true,"href":"https:\/\/elluchador.info\/index.php?rest_route=\/wp\/v2\/users\/33"}],"replies":[{"embeddable":true,"href":"https:\/\/elluchador.info\/index.php?rest_route=%2Fwp%2Fv2%2Fcomments&post=253129"}],"version-history":[{"count":1,"href":"https:\/\/elluchador.info\/index.php?rest_route=\/wp\/v2\/posts\/253129\/revisions"}],"predecessor-version":[{"id":253131,"href":"https:\/\/elluchador.info\/index.php?rest_route=\/wp\/v2\/posts\/253129\/revisions\/253131"}],"wp:featuredmedia":[{"embeddable":true,"href":"https:\/\/elluchador.info\/index.php?rest_route=\/wp\/v2\/media\/253130"}],"wp:attachment":[{"href":"https:\/\/elluchador.info\/index.php?rest_route=%2Fwp%2Fv2%2Fmedia&parent=253129"}],"wp:term":[{"taxonomy":"category","embeddable":true,"href":"https:\/\/elluchador.info\/index.php?rest_route=%2Fwp%2Fv2%2Fcategories&post=253129"},{"taxonomy":"post_tag","embeddable":true,"href":"https:\/\/elluchador.info\/index.php?rest_route=%2Fwp%2Fv2%2Ftags&post=253129"}],"curies":[{"name":"wp","href":"https:\/\/api.w.org\/{rel}","templated":true}]}}