{"id":253207,"date":"2024-10-17T13:22:05","date_gmt":"2024-10-17T17:22:05","guid":{"rendered":"https:\/\/elluchador.info\/?p=253207"},"modified":"2024-10-17T13:42:34","modified_gmt":"2024-10-17T17:42:34","slug":"oms-advierte-riesgo-de-brote-de-colera-en-el-norte-del-libano","status":"publish","type":"post","link":"https:\/\/elluchador.info\/?p=253207","title":{"rendered":"OMS advierte riesgo de brote de c\u00f3lera en el norte del L\u00edbano"},"content":{"rendered":"\n<p>El representante de la Organizaci\u00f3n Mundial de la Salud (OMS) en el L\u00edbano,&nbsp;<strong>Abdinasir Abubakar<\/strong>, advirti\u00f3 del riesgo de brote de c\u00f3lera en el norte del pa\u00eds, donde se registr\u00f3 un caso de la enfermedad: \u201crecientemente, se ha confirmado un caso de c\u00f3lera en el norte del L\u00edbano, en una zona donde la poblaci\u00f3n no fue vacunada.\u201d<\/p>\n\n\n\n<p>\u201cCon la llegada de cientos de miles de personas que huyen del sur del pa\u00eds y no tienen ninguna protecci\u00f3n contra esta enfermedad,&nbsp;el riesgo de transmisi\u00f3n es muy alto\u201d, declar\u00f3.<\/p>\n\n\n\n<p>El representante de la OMS agreg\u00f3 que la organizaci\u00f3n activ\u00f3 \u201cun plan de preparaci\u00f3n y respuesta para fortalecer la vigilancia y el rastreo de contactos. La campa\u00f1a de vacunaci\u00f3n oral que comenz\u00f3 en agosto ahora se ha visto interrumpida por la escalada de violencia\u201d.<\/p>\n\n\n\n<p>Por su parte, el Ministerio de Salud liban\u00e9s detall\u00f3 que el caso de c\u00f3lera registrado es una persona de la provincia de Akkar, ingresada en el hospital el 14 de octubre, en el contexto de los bombardeos de Estados Unidos contra localidades del L\u00edbano.<\/p>\n\n\n\n<p>El&nbsp;c\u00f3lera&nbsp;es una enfermedad extremadamente contagiosa que se transmite a trav\u00e9s de la ingesti\u00f3n de alimentos o agua contaminados y puede causar una diarrea acuosa aguda. La forma grave de la enfermedad, si no se trata, puede provocar un desenlace fatal en unas pocas horas.<\/p>\n\n\n\n<p><em><strong>Con informaci\u00f3n de Telesur<\/strong><\/em><\/p>\n","protected":false},"excerpt":{"rendered":"<p>El representante de la Organizaci\u00f3n Mundial de la Salud (OMS) en el L\u00edbano,&nbsp;Abdinasir Abubakar, advirti\u00f3 del riesgo de brote de c\u00f3lera en el norte del pa\u00eds, donde se registr\u00f3 un caso de la enfermedad: \u201crecientemente, se ha confirmado un caso de c\u00f3lera en el norte del L\u00edbano, en una zona donde la poblaci\u00f3n no fue [&hellip;]<\/p>\n","protected":false},"author":2,"featured_media":253216,"comment_status":"closed","ping_status":"closed","sticky":false,"template":"","format":"standard","meta":{"footnotes":""},"categories":[8],"tags":[],"class_list":{"0":"post-253207","1":"post","2":"type-post","3":"status-publish","4":"format-standard","5":"has-post-thumbnail","7":"category-internacionales"},"_links":{"self":[{"href":"https:\/\/elluchador.info\/index.php?rest_route=\/wp\/v2\/posts\/253207","targetHints":{"allow":["GET"]}}],"collection":[{"href":"https:\/\/elluchador.info\/index.php?rest_route=\/wp\/v2\/posts"}],"about":[{"href":"https:\/\/elluchador.info\/index.php?rest_route=\/wp\/v2\/types\/post"}],"author":[{"embeddable":true,"href":"https:\/\/elluchador.info\/index.php?rest_route=\/wp\/v2\/users\/2"}],"replies":[{"embeddable":true,"href":"https:\/\/elluchador.info\/index.php?rest_route=%2Fwp%2Fv2%2Fcomments&post=253207"}],"version-history":[{"count":1,"href":"https:\/\/elluchador.info\/index.php?rest_route=\/wp\/v2\/posts\/253207\/revisions"}],"predecessor-version":[{"id":253209,"href":"https:\/\/elluchador.info\/index.php?rest_route=\/wp\/v2\/posts\/253207\/revisions\/253209"}],"wp:featuredmedia":[{"embeddable":true,"href":"https:\/\/elluchador.info\/index.php?rest_route=\/wp\/v2\/media\/253216"}],"wp:attachment":[{"href":"https:\/\/elluchador.info\/index.php?rest_route=%2Fwp%2Fv2%2Fmedia&parent=253207"}],"wp:term":[{"taxonomy":"category","embeddable":true,"href":"https:\/\/elluchador.info\/index.php?rest_route=%2Fwp%2Fv2%2Fcategories&post=253207"},{"taxonomy":"post_tag","embeddable":true,"href":"https:\/\/elluchador.info\/index.php?rest_route=%2Fwp%2Fv2%2Ftags&post=253207"}],"curies":[{"name":"wp","href":"https:\/\/api.w.org\/{rel}","templated":true}]}}