{"id":253210,"date":"2024-10-17T13:33:13","date_gmt":"2024-10-17T17:33:13","guid":{"rendered":"https:\/\/elluchador.info\/?p=253210"},"modified":"2024-10-17T13:33:16","modified_gmt":"2024-10-17T17:33:16","slug":"produccion-nacional-de-maiz-amarillo-alcanza-para-cubrir-50-de-la-demanda-de-la-industria-avicola","status":"publish","type":"post","link":"https:\/\/elluchador.info\/?p=253210","title":{"rendered":"Producci\u00f3n nacional de ma\u00edz amarillo alcanza para cubrir 50% de la demanda de la industria av\u00edcola"},"content":{"rendered":"\n<p>La demanda de ma\u00edz amarillo de la industria av\u00edcola venezolana supera los 12 millones de kilogramos del producto, de los cuales solo el 50% es cubierta con producci\u00f3n nacional, lo que incide en la competitividad del sector, ya que es altamente dependiente de las importaciones.<\/p>\n\n\n\n<p>La producci\u00f3n nacional de ma\u00edz amarillo se ubica entre unos 6 y 7 millones de kilos.<\/p>\n\n\n\n<p>Salvador Braget,\u00a0vicepresidente de relaciones institucionales de la empresa\u00a0<em>Protinal-Proagro<\/em>, manifest\u00f3 que mientras la industria crece \u2014al menos en un 30 %\u2014, tambi\u00e9n se apuesta por el crecimiento de la producci\u00f3n del ma\u00edz amarillo para procesar el alimento necesario para las aves de cr\u00eda con materia prima nacional en un 100%.<\/p>\n\n\n\n<p>\u00abEs fundamental saber que vamos a contar este a\u00f1o con vol\u00famenes de ma\u00edz suficiente para que la industria nacional genere sus alimentos balanceados y, de esta manera, lograr sus objetivos en producci\u00f3n de pollos, que al final se traduce que el venezolano va a tener mejor y mayor cantidad de prote\u00edna\u00bb, dijo el ejecutivo citado por el portal especializado\u00a0Minuta Agropecuaria.<\/p>\n\n\n\n<p>Braget resalt\u00f3 que la oferta de esos 7 millones de kilos de ma\u00edz, se obtienen en un per\u00edodo espec\u00edfico, luego de la siembra anual del cereal, en el ciclo invierno.<\/p>\n\n\n\n<p>\u00abVenezuela ofrece seis meses, nada m\u00e1s, de oferta de ma\u00edz. El resto se cubre con ma\u00edz importado (\u2026) La apuesta es que, en alg\u00fan momento, se genere tanto ma\u00edz que todas las empresas puedan almacenar el producto en los silos para complementar los otros seis meses en los que no existe oferta\u00bb, a\u00f1adi\u00f3 el ejecutivo de Protinal-Proagro.<\/p>\n\n\n\n<p>El gerente explic\u00f3 que el ma\u00edz forma parte, en un 70 %, de la f\u00f3rmula alimenticia de las aves de cr\u00eda y aporta gran cantidad de energ\u00eda, y micro y macroelementos que son b\u00e1sicos para el consumo av\u00edcola.<\/p>\n\n\n\n<p>\u00abEl pollo es una prote\u00edna accesible para el venezolano. Actualmente, se registra un consumo per c\u00e1pita por persona de 14 kilos anuales\u00bb.<\/p>\n\n\n\n<p>Braget destac\u00f3 la importancia de que exista disponibilidad de ma\u00edz nacional para la industria av\u00edcola y no duda que, en un futuro, el sector productivo pueda completar el otro 50 % que actualmente es importado de pa\u00edses como Brasil y Argentina.<\/p>\n\n\n\n<p><strong><em>Con informaci\u00f3n de Banca y Negocios.<\/em><\/strong><\/p>\n","protected":false},"excerpt":{"rendered":"<p>La demanda de ma\u00edz amarillo de la industria av\u00edcola venezolana supera los 12 millones de kilogramos del producto, de los cuales solo el 50% es cubierta con producci\u00f3n nacional, lo que incide en la competitividad del sector, ya que es altamente dependiente de las importaciones. La producci\u00f3n nacional de ma\u00edz amarillo se ubica entre unos [&hellip;]<\/p>\n","protected":false},"author":2,"featured_media":253211,"comment_status":"closed","ping_status":"closed","sticky":false,"template":"","format":"standard","meta":{"footnotes":""},"categories":[6],"tags":[],"class_list":{"0":"post-253210","1":"post","2":"type-post","3":"status-publish","4":"format-standard","5":"has-post-thumbnail","7":"category-economia"},"_links":{"self":[{"href":"https:\/\/elluchador.info\/index.php?rest_route=\/wp\/v2\/posts\/253210","targetHints":{"allow":["GET"]}}],"collection":[{"href":"https:\/\/elluchador.info\/index.php?rest_route=\/wp\/v2\/posts"}],"about":[{"href":"https:\/\/elluchador.info\/index.php?rest_route=\/wp\/v2\/types\/post"}],"author":[{"embeddable":true,"href":"https:\/\/elluchador.info\/index.php?rest_route=\/wp\/v2\/users\/2"}],"replies":[{"embeddable":true,"href":"https:\/\/elluchador.info\/index.php?rest_route=%2Fwp%2Fv2%2Fcomments&post=253210"}],"version-history":[{"count":1,"href":"https:\/\/elluchador.info\/index.php?rest_route=\/wp\/v2\/posts\/253210\/revisions"}],"predecessor-version":[{"id":253212,"href":"https:\/\/elluchador.info\/index.php?rest_route=\/wp\/v2\/posts\/253210\/revisions\/253212"}],"wp:featuredmedia":[{"embeddable":true,"href":"https:\/\/elluchador.info\/index.php?rest_route=\/wp\/v2\/media\/253211"}],"wp:attachment":[{"href":"https:\/\/elluchador.info\/index.php?rest_route=%2Fwp%2Fv2%2Fmedia&parent=253210"}],"wp:term":[{"taxonomy":"category","embeddable":true,"href":"https:\/\/elluchador.info\/index.php?rest_route=%2Fwp%2Fv2%2Fcategories&post=253210"},{"taxonomy":"post_tag","embeddable":true,"href":"https:\/\/elluchador.info\/index.php?rest_route=%2Fwp%2Fv2%2Ftags&post=253210"}],"curies":[{"name":"wp","href":"https:\/\/api.w.org\/{rel}","templated":true}]}}