{"id":253324,"date":"2024-10-18T12:51:47","date_gmt":"2024-10-18T16:51:47","guid":{"rendered":"https:\/\/elluchador.info\/?p=253324"},"modified":"2024-10-18T12:52:28","modified_gmt":"2024-10-18T16:52:28","slug":"maduro-designo-a-alex-saab-como-nuevo-ministro-para-la-industria-y-produccion-nacional","status":"publish","type":"post","link":"https:\/\/elluchador.info\/?p=253324","title":{"rendered":"Maduro design\u00f3 a Alex Saab como nuevo Ministro para la Industria y Producci\u00f3n Nacional"},"content":{"rendered":"\n<p>El presidente Nicol\u00e1s Maduro design\u00f3 este viernes 18 de octubre a Alex Saab como nuevo ministro de Industria y Producci\u00f3n Nacional, sustituyendo en el cargo a Pedro Tellechea; quien estuvo dos meses al frente de dicha cartera.<\/p>\n\n\n\n<p>Maduro, a tr\u00e1ves de las distintas redes sociales destac\u00f3 que Alex Saab, fortalecer\u00e1 este importante ministerio, \u00abcreo firmemente en su capacidad gerencial y compromiso\u00bb para poder impulsar el desarrollo industrial y la construcci\u00f3n del nuevo modelo econ\u00f3mico que desde su administraci\u00f3n se busca impulsar.<\/p>\n\n\n\n<p>Todo el apoyo para la inmensa tarea que tiene que cumplir, dijo Maduro.<\/p>\n","protected":false},"excerpt":{"rendered":"<p>El presidente Nicol\u00e1s Maduro design\u00f3 este viernes 18 de octubre a Alex Saab como nuevo ministro de Industria y Producci\u00f3n Nacional, sustituyendo en el cargo a Pedro Tellechea; quien estuvo dos meses al frente de dicha cartera. Maduro, a tr\u00e1ves de las distintas redes sociales destac\u00f3 que Alex Saab, fortalecer\u00e1 este importante ministerio, \u00abcreo firmemente [&hellip;]<\/p>\n","protected":false},"author":33,"featured_media":253325,"comment_status":"closed","ping_status":"closed","sticky":false,"template":"","format":"standard","meta":{"footnotes":""},"categories":[5,9],"tags":[535,1935],"class_list":{"0":"post-253324","1":"post","2":"type-post","3":"status-publish","4":"format-standard","5":"has-post-thumbnail","7":"category-destacado","8":"category-nacionales","9":"tag-ministro","10":"tag-saab"},"_links":{"self":[{"href":"https:\/\/elluchador.info\/index.php?rest_route=\/wp\/v2\/posts\/253324","targetHints":{"allow":["GET"]}}],"collection":[{"href":"https:\/\/elluchador.info\/index.php?rest_route=\/wp\/v2\/posts"}],"about":[{"href":"https:\/\/elluchador.info\/index.php?rest_route=\/wp\/v2\/types\/post"}],"author":[{"embeddable":true,"href":"https:\/\/elluchador.info\/index.php?rest_route=\/wp\/v2\/users\/33"}],"replies":[{"embeddable":true,"href":"https:\/\/elluchador.info\/index.php?rest_route=%2Fwp%2Fv2%2Fcomments&post=253324"}],"version-history":[{"count":2,"href":"https:\/\/elluchador.info\/index.php?rest_route=\/wp\/v2\/posts\/253324\/revisions"}],"predecessor-version":[{"id":253327,"href":"https:\/\/elluchador.info\/index.php?rest_route=\/wp\/v2\/posts\/253324\/revisions\/253327"}],"wp:featuredmedia":[{"embeddable":true,"href":"https:\/\/elluchador.info\/index.php?rest_route=\/wp\/v2\/media\/253325"}],"wp:attachment":[{"href":"https:\/\/elluchador.info\/index.php?rest_route=%2Fwp%2Fv2%2Fmedia&parent=253324"}],"wp:term":[{"taxonomy":"category","embeddable":true,"href":"https:\/\/elluchador.info\/index.php?rest_route=%2Fwp%2Fv2%2Fcategories&post=253324"},{"taxonomy":"post_tag","embeddable":true,"href":"https:\/\/elluchador.info\/index.php?rest_route=%2Fwp%2Fv2%2Ftags&post=253324"}],"curies":[{"name":"wp","href":"https:\/\/api.w.org\/{rel}","templated":true}]}}