{"id":253372,"date":"2024-10-18T15:42:31","date_gmt":"2024-10-18T19:42:31","guid":{"rendered":"https:\/\/elluchador.info\/?p=253372"},"modified":"2024-10-18T15:42:35","modified_gmt":"2024-10-18T19:42:35","slug":"nuevos-rectores-del-cne-se-incorporaron-a-sus-funciones","status":"publish","type":"post","link":"https:\/\/elluchador.info\/?p=253372","title":{"rendered":"Nuevos rectores del CNE se incorporaron a sus funciones"},"content":{"rendered":"\n<p>&nbsp;El reci\u00e9n designado rector principal del Consejo Nacional Electoral (CNE), Conrado P\u00e9rez, y la rectora suplente Aura Rosa Hern\u00e1ndez, se incorporaron, este viernes, a sus funciones en las diferentes comisiones del Poder Electoral.<\/p>\n\n\n\n<p>As\u00ed lo inform\u00f3 el presidente del CNE, Elvis Amoroso, quien detall\u00f3 que los nuevos rectores fueron recibidos por la directiva del Ente Comicial, tal y como lo establece nuestro ordenamiento jur\u00eddico.<\/p>\n\n\n\n<p>\u201cSon personas de gran experiencia y personas de Estados dispuestos a defender la Patria en cualquier circunstancia\u201d, resalt\u00f3 Amoroso en declaraciones ofrecidas a Venezolana de Televisi\u00f3n.<\/p>\n\n\n\n<p>Es importante recordar que Conrado P\u00e9rez y Aura Rosa Hern\u00e1ndez fueron designados, este jueves, por la Asamblea Nacional luego de la destituci\u00f3n del ex rector Juan Carlos Delpino.<\/p>\n\n\n\n<p>Al momento de presentarse la designaci\u00f3n en la AN se describi\u00f3 al \u201cdoctor Conrado P\u00e9rez como defensor de la causa nacionalista, defensor y reconocedor de las instituciones del Estado\u201d.<\/p>\n\n\n\n<p><strong><em>Con informaci\u00f3n de EU.<\/em><\/strong><\/p>\n","protected":false},"excerpt":{"rendered":"<p>&nbsp;El reci\u00e9n designado rector principal del Consejo Nacional Electoral (CNE), Conrado P\u00e9rez, y la rectora suplente Aura Rosa Hern\u00e1ndez, se incorporaron, este viernes, a sus funciones en las diferentes comisiones del Poder Electoral. As\u00ed lo inform\u00f3 el presidente del CNE, Elvis Amoroso, quien detall\u00f3 que los nuevos rectores fueron recibidos por la directiva del Ente [&hellip;]<\/p>\n","protected":false},"author":2,"featured_media":253373,"comment_status":"closed","ping_status":"closed","sticky":false,"template":"","format":"standard","meta":{"footnotes":""},"categories":[11],"tags":[],"class_list":{"0":"post-253372","1":"post","2":"type-post","3":"status-publish","4":"format-standard","5":"has-post-thumbnail","7":"category-politica"},"_links":{"self":[{"href":"https:\/\/elluchador.info\/index.php?rest_route=\/wp\/v2\/posts\/253372","targetHints":{"allow":["GET"]}}],"collection":[{"href":"https:\/\/elluchador.info\/index.php?rest_route=\/wp\/v2\/posts"}],"about":[{"href":"https:\/\/elluchador.info\/index.php?rest_route=\/wp\/v2\/types\/post"}],"author":[{"embeddable":true,"href":"https:\/\/elluchador.info\/index.php?rest_route=\/wp\/v2\/users\/2"}],"replies":[{"embeddable":true,"href":"https:\/\/elluchador.info\/index.php?rest_route=%2Fwp%2Fv2%2Fcomments&post=253372"}],"version-history":[{"count":1,"href":"https:\/\/elluchador.info\/index.php?rest_route=\/wp\/v2\/posts\/253372\/revisions"}],"predecessor-version":[{"id":253374,"href":"https:\/\/elluchador.info\/index.php?rest_route=\/wp\/v2\/posts\/253372\/revisions\/253374"}],"wp:featuredmedia":[{"embeddable":true,"href":"https:\/\/elluchador.info\/index.php?rest_route=\/wp\/v2\/media\/253373"}],"wp:attachment":[{"href":"https:\/\/elluchador.info\/index.php?rest_route=%2Fwp%2Fv2%2Fmedia&parent=253372"}],"wp:term":[{"taxonomy":"category","embeddable":true,"href":"https:\/\/elluchador.info\/index.php?rest_route=%2Fwp%2Fv2%2Fcategories&post=253372"},{"taxonomy":"post_tag","embeddable":true,"href":"https:\/\/elluchador.info\/index.php?rest_route=%2Fwp%2Fv2%2Ftags&post=253372"}],"curies":[{"name":"wp","href":"https:\/\/api.w.org\/{rel}","templated":true}]}}