{"id":253404,"date":"2024-10-18T17:35:53","date_gmt":"2024-10-18T21:35:53","guid":{"rendered":"https:\/\/elluchador.info\/?p=253404"},"modified":"2024-10-18T17:35:57","modified_gmt":"2024-10-18T21:35:57","slug":"el-70-de-los-casos-de-violencia-machista-en-la-frontera-colombo-venezolana-son-a-menores","status":"publish","type":"post","link":"https:\/\/elluchador.info\/?p=253404","title":{"rendered":"El 70% de los casos de violencia machista en la frontera colombo-venezolana son a menores"},"content":{"rendered":"\n<p>Un 70 % de los casos de violencia machista perpetrados en la frontera entre Colombia y Venezuela, en los departamentos de Arauca y Norte de Santander (noroeste), corresponden a menores de edad, seg\u00fan el informe \u2018Cuerpos para la guerra\u2019 presentado este viernes por la Fundaci\u00f3n Paz y Reconciliaci\u00f3n (Pares).<\/p>\n\n\n\n<p>El informe, elaborado con el apoyo de la Embajada de Canad\u00e1 en Colombia, analiza la violencia machista y el reclutamiento en la frontera colombo-venezolana, en cuyos 2.219 kil\u00f3metros muchas localidades est\u00e1n dominadas por grupos armados ilegales como disidencias de las FARC y el Ej\u00e9rcito de Liberaci\u00f3n Nacional (ELN), que se disputan el territorio sumiendo a la poblaci\u00f3n civil en una guerra que se ha intensificado desde 2022.<\/p>\n\n\n\n<p>En Arauca y Norte de Santander, el conflicto se materializa, entre otros delitos, en violencia de g\u00e9nero y reclutamiento forzado de menores, siendo las m\u00e1s afectadas las mujeres, los migrantes, las personas del colectivo LGBT+ y los ni\u00f1os.<\/p>\n\n\n\n<p>La embajadora de Canad\u00e1 en Colombia, Elizabeth Williams, manifest\u00f3 que el informe supone una \u00abgran oportunidad\u00bb para fortalecer el papel fundamental de la sociedad civil y sus distintas expresiones en la construcci\u00f3n de la paz.<\/p>\n\n\n\n<h2 class=\"wp-block-heading\"><strong>Violencia machista<\/strong><\/h2>\n\n\n\n<p>Este a\u00f1o, Arauca se posicion\u00f3 como el tercer departamento del pa\u00eds con m\u00e1s violencia machista del pa\u00eds, con 108,3 casos por cada 100.000 habitantes y 588 casos reportados en total, aunque se estima un gran subregistro.<\/p>\n\n\n\n<p>Esta cifra supone un aumento del 65,93 % respecto a a\u00f1os anteriores y del total de casos, un 70 % se corresponden a v\u00edctimas menores de edad.<\/p>\n\n\n\n<p>Adem\u00e1s, el Instituto Nacional de Medicina Legal (INML) document\u00f3 en 2023 un total de 410 casos de \u00ablesiones no fatales\u00bb, cifra que en el primer semestre de 2024 supuso un total de 193, lo que indica una tendencia similar.<\/p>\n\n\n\n<p>Despu\u00e9s de la ciudad de Arauca, capital del departamento que cuenta con el 40 % de los casos de violencia machista, el municipio con m\u00e1s \u00edndices de violencia es Tame, con el 30 % de los casos reportados.<\/p>\n\n\n\n<p>Por su parte, el departamento de Norte de Santander acumula, en lo que va de a\u00f1o, 331 casos de violencia de g\u00e9nero seg\u00fan datos de la Defensor\u00eda del Pueblo, mientras que las cifras del INML recogen 466 solo en el primer semestre de este a\u00f1o.<\/p>\n\n\n\n<h2 class=\"wp-block-heading\"><strong>Reclutamiento forzado<\/strong><\/h2>\n\n\n\n<p>La Fiscal\u00eda colombiana contabiliz\u00f3 en Arauca 39 menores reclutados este 2024 cifra que, seg\u00fan el director del proyecto, Mauricio Valencia, podr\u00eda ascender a 64.<\/p>\n\n\n\n<p>Ese es precisamente uno de los principales inconvenientes, apunt\u00f3 Valencia, que no hay una documentaci\u00f3n exacta de los casos porque los familiares de las v\u00edctimas tienen miedo a denunciar los reclutamientos o la violencia, ya que se sienten en peligro por las consecuencias que esto pueda acarrearles de mano de las guerrillas.<\/p>\n\n\n\n<p>En el departamento de Norte de Santander las v\u00edctimas de reclutamiento forzado son ya 56, el 80 % registrado en la regi\u00f3n del Catatumbo, una de las regiones con m\u00e1s enfrentamientos entre grupos armados y donde m\u00e1s cultivos de coca hay.<\/p>\n\n\n\n<p>\u00abHacemos un llamado a la sociedad civil para seguir presionando el di\u00e1logo, que pueda haber una intermediaci\u00f3n entre el Gobierno nacional y los grupos armados y que esto conlleve a un desenlace positivo\u00bb, concluy\u00f3 Valencia.<\/p>\n\n\n\n<p><strong><em>Con informaci\u00f3n de agencias.<\/em><\/strong><\/p>\n","protected":false},"excerpt":{"rendered":"<p>Un 70 % de los casos de violencia machista perpetrados en la frontera entre Colombia y Venezuela, en los departamentos de Arauca y Norte de Santander (noroeste), corresponden a menores de edad, seg\u00fan el informe \u2018Cuerpos para la guerra\u2019 presentado este viernes por la Fundaci\u00f3n Paz y Reconciliaci\u00f3n (Pares). El informe, elaborado con el apoyo [&hellip;]<\/p>\n","protected":false},"author":2,"featured_media":253405,"comment_status":"closed","ping_status":"closed","sticky":false,"template":"","format":"standard","meta":{"footnotes":""},"categories":[13],"tags":[],"class_list":{"0":"post-253404","1":"post","2":"type-post","3":"status-publish","4":"format-standard","5":"has-post-thumbnail","7":"category-sucesos"},"_links":{"self":[{"href":"https:\/\/elluchador.info\/index.php?rest_route=\/wp\/v2\/posts\/253404","targetHints":{"allow":["GET"]}}],"collection":[{"href":"https:\/\/elluchador.info\/index.php?rest_route=\/wp\/v2\/posts"}],"about":[{"href":"https:\/\/elluchador.info\/index.php?rest_route=\/wp\/v2\/types\/post"}],"author":[{"embeddable":true,"href":"https:\/\/elluchador.info\/index.php?rest_route=\/wp\/v2\/users\/2"}],"replies":[{"embeddable":true,"href":"https:\/\/elluchador.info\/index.php?rest_route=%2Fwp%2Fv2%2Fcomments&post=253404"}],"version-history":[{"count":1,"href":"https:\/\/elluchador.info\/index.php?rest_route=\/wp\/v2\/posts\/253404\/revisions"}],"predecessor-version":[{"id":253406,"href":"https:\/\/elluchador.info\/index.php?rest_route=\/wp\/v2\/posts\/253404\/revisions\/253406"}],"wp:featuredmedia":[{"embeddable":true,"href":"https:\/\/elluchador.info\/index.php?rest_route=\/wp\/v2\/media\/253405"}],"wp:attachment":[{"href":"https:\/\/elluchador.info\/index.php?rest_route=%2Fwp%2Fv2%2Fmedia&parent=253404"}],"wp:term":[{"taxonomy":"category","embeddable":true,"href":"https:\/\/elluchador.info\/index.php?rest_route=%2Fwp%2Fv2%2Fcategories&post=253404"},{"taxonomy":"post_tag","embeddable":true,"href":"https:\/\/elluchador.info\/index.php?rest_route=%2Fwp%2Fv2%2Ftags&post=253404"}],"curies":[{"name":"wp","href":"https:\/\/api.w.org\/{rel}","templated":true}]}}