{"id":253924,"date":"2024-10-23T07:43:00","date_gmt":"2024-10-23T11:43:00","guid":{"rendered":"https:\/\/elluchador.info\/?p=253924"},"modified":"2024-10-23T06:56:06","modified_gmt":"2024-10-23T10:56:06","slug":"sector-la-democracia-afectado-por-fallas-electricas","status":"publish","type":"post","link":"https:\/\/elluchador.info\/?p=253924","title":{"rendered":"Sector La Democracia afectado por fallas el\u00e9ctricas"},"content":{"rendered":"\n<p>La comunidad de La Democracia no escapa de la realidad que viven las comunidades del municipio Angostura del Orinoco con el problema de la luz. \u00abAhora est\u00e1 de moda los bajones constantes de energ\u00eda el\u00e9ctrica, lo cual nos afecta a nosotros, los ciudadanos\u00bb, dijo la se\u00f1ora Rosa Blanco.<\/p>\n\n\n\n<p>Blanco coment\u00f3 que varios vecinos del sector han perdido parte de sus aparatos dom\u00e9sticos y equipos tecnol\u00f3gicos que eran sus herramientas de trabajo, quedando ahora sin nada, ya que no tienen los recursos para reponerlos por nuevos debido a la situaci\u00f3n econ\u00f3mica que atraviesa Venezuela.<\/p>\n\n\n\n<p>Adem\u00e1s de las fallas el\u00e9ctricas, se conoci\u00f3 que algunas calles del sector necesitan ser restauradas, ya que llevan a\u00f1os esperando atenci\u00f3n para su saneamiento.<\/p>\n\n\n\n<p><strong><em><mark style=\"background-color:rgba(0, 0, 0, 0)\" class=\"has-inline-color has-luminous-vivid-amber-color\">Yanitza Mart\u00ednez<\/mark><\/em><\/strong><\/p>\n","protected":false},"excerpt":{"rendered":"<p>La comunidad de La Democracia no escapa de la realidad que viven las comunidades del municipio Angostura del Orinoco con el problema de la luz. \u00abAhora est\u00e1 de moda los bajones constantes de energ\u00eda el\u00e9ctrica, lo cual nos afecta a nosotros, los ciudadanos\u00bb, dijo la se\u00f1ora Rosa Blanco. Blanco coment\u00f3 que varios vecinos del sector [&hellip;]<\/p>\n","protected":false},"author":33,"featured_media":253925,"comment_status":"closed","ping_status":"closed","sticky":false,"template":"","format":"standard","meta":{"footnotes":""},"categories":[2],"tags":[306,2349,1669],"class_list":{"0":"post-253924","1":"post","2":"type-post","3":"status-publish","4":"format-standard","5":"has-post-thumbnail","7":"category-comunidad","8":"tag-ciudad-bolivar","9":"tag-la-democracia","10":"tag-sectores"},"_links":{"self":[{"href":"https:\/\/elluchador.info\/index.php?rest_route=\/wp\/v2\/posts\/253924","targetHints":{"allow":["GET"]}}],"collection":[{"href":"https:\/\/elluchador.info\/index.php?rest_route=\/wp\/v2\/posts"}],"about":[{"href":"https:\/\/elluchador.info\/index.php?rest_route=\/wp\/v2\/types\/post"}],"author":[{"embeddable":true,"href":"https:\/\/elluchador.info\/index.php?rest_route=\/wp\/v2\/users\/33"}],"replies":[{"embeddable":true,"href":"https:\/\/elluchador.info\/index.php?rest_route=%2Fwp%2Fv2%2Fcomments&post=253924"}],"version-history":[{"count":1,"href":"https:\/\/elluchador.info\/index.php?rest_route=\/wp\/v2\/posts\/253924\/revisions"}],"predecessor-version":[{"id":253926,"href":"https:\/\/elluchador.info\/index.php?rest_route=\/wp\/v2\/posts\/253924\/revisions\/253926"}],"wp:featuredmedia":[{"embeddable":true,"href":"https:\/\/elluchador.info\/index.php?rest_route=\/wp\/v2\/media\/253925"}],"wp:attachment":[{"href":"https:\/\/elluchador.info\/index.php?rest_route=%2Fwp%2Fv2%2Fmedia&parent=253924"}],"wp:term":[{"taxonomy":"category","embeddable":true,"href":"https:\/\/elluchador.info\/index.php?rest_route=%2Fwp%2Fv2%2Fcategories&post=253924"},{"taxonomy":"post_tag","embeddable":true,"href":"https:\/\/elluchador.info\/index.php?rest_route=%2Fwp%2Fv2%2Ftags&post=253924"}],"curies":[{"name":"wp","href":"https:\/\/api.w.org\/{rel}","templated":true}]}}