{"id":254023,"date":"2024-10-23T17:15:44","date_gmt":"2024-10-23T21:15:44","guid":{"rendered":"https:\/\/elluchador.info\/?p=254023"},"modified":"2024-10-23T17:15:51","modified_gmt":"2024-10-23T21:15:51","slug":"ansa-diferencia-cambiaria-trae-alguna-presion-sobre-el-mercado","status":"publish","type":"post","link":"https:\/\/elluchador.info\/?p=254023","title":{"rendered":"ANSA: Diferencia cambiaria trae \u00abalguna presi\u00f3n\u00bb sobre el mercado"},"content":{"rendered":"\n<p>El presidente de la Asociaci\u00f3n Nacional de Supermercados y Autoservicios (ANSA), \u00cdtalo Atencio, indic\u00f3 que la diferencia que hay entre el tipo de cambio oficial con el llamado \u00abparalelo\u00bb ha tra\u00eddo \u00abalguna presi\u00f3n\u00bb sobre el mercado.<\/p>\n\n\n\n<p>En ese sentido, coment\u00f3 que el sector supermercado ha conversado con sus aliados comerciales para pedir tiempo: \u00abvamos a manejar esto pensando que en el tiempo esta brecha (cambiaria) se va a acortar\u00bb.<\/p>\n\n\n\n<p>Explic\u00f3 que cuando ocurre el tema de la diferencia cambiaria, hay dos consecuencias: \u00abo suben los precios o dejas la rentabilidad en la mesa. Si suben los precios, como hay m\u00e1s competencia, puedes quedar fuera del mercado en esos productos\u00bb.<\/p>\n\n\n\n<p>Atencio consider\u00f3 que el tema de los precios y del tipo de cambio en el pa\u00eds \u00abse va a nivelar en el tiempo\u00bb.<\/p>\n\n\n\n<p>Explic\u00f3 que debe haber un \u00abdeslizamiento controlado\u00bb en el tipo de cambio oficial que permita al mercado ajustarse y al final los precios se lleven a ese nuevo valor.<\/p>\n\n\n\n<p>\u00abSoluciones apresuradas podr\u00edan traer mayores distorsiones de los que hay en este momento\u00bb, agreg\u00f3 en Televen al tiempo que sum\u00f3 que hasta el mes de septiembre de 2024, hubo un crecimiento de unidades del 7% en comparaci\u00f3n al mismo per\u00edodo del a\u00f1o pasado.<\/p>\n\n\n\n<p>Con informaci\u00f3n de <strong><em><mark style=\"background-color:rgba(0, 0, 0, 0)\" class=\"has-inline-color has-vivid-green-cyan-color\">Banca y Negocio<\/mark><\/em><\/strong><\/p>\n","protected":false},"excerpt":{"rendered":"<p>El presidente de la Asociaci\u00f3n Nacional de Supermercados y Autoservicios (ANSA), \u00cdtalo Atencio, indic\u00f3 que la diferencia que hay entre el tipo de cambio oficial con el llamado \u00abparalelo\u00bb ha tra\u00eddo \u00abalguna presi\u00f3n\u00bb sobre el mercado. En ese sentido, coment\u00f3 que el sector supermercado ha conversado con sus aliados comerciales para pedir tiempo: \u00abvamos a [&hellip;]<\/p>\n","protected":false},"author":33,"featured_media":254024,"comment_status":"closed","ping_status":"closed","sticky":false,"template":"","format":"standard","meta":{"footnotes":""},"categories":[6],"tags":[1146,2366],"class_list":{"0":"post-254023","1":"post","2":"type-post","3":"status-publish","4":"format-standard","5":"has-post-thumbnail","7":"category-economia","8":"tag-ansa","9":"tag-mercado"},"_links":{"self":[{"href":"https:\/\/elluchador.info\/index.php?rest_route=\/wp\/v2\/posts\/254023","targetHints":{"allow":["GET"]}}],"collection":[{"href":"https:\/\/elluchador.info\/index.php?rest_route=\/wp\/v2\/posts"}],"about":[{"href":"https:\/\/elluchador.info\/index.php?rest_route=\/wp\/v2\/types\/post"}],"author":[{"embeddable":true,"href":"https:\/\/elluchador.info\/index.php?rest_route=\/wp\/v2\/users\/33"}],"replies":[{"embeddable":true,"href":"https:\/\/elluchador.info\/index.php?rest_route=%2Fwp%2Fv2%2Fcomments&post=254023"}],"version-history":[{"count":1,"href":"https:\/\/elluchador.info\/index.php?rest_route=\/wp\/v2\/posts\/254023\/revisions"}],"predecessor-version":[{"id":254025,"href":"https:\/\/elluchador.info\/index.php?rest_route=\/wp\/v2\/posts\/254023\/revisions\/254025"}],"wp:featuredmedia":[{"embeddable":true,"href":"https:\/\/elluchador.info\/index.php?rest_route=\/wp\/v2\/media\/254024"}],"wp:attachment":[{"href":"https:\/\/elluchador.info\/index.php?rest_route=%2Fwp%2Fv2%2Fmedia&parent=254023"}],"wp:term":[{"taxonomy":"category","embeddable":true,"href":"https:\/\/elluchador.info\/index.php?rest_route=%2Fwp%2Fv2%2Fcategories&post=254023"},{"taxonomy":"post_tag","embeddable":true,"href":"https:\/\/elluchador.info\/index.php?rest_route=%2Fwp%2Fv2%2Ftags&post=254023"}],"curies":[{"name":"wp","href":"https:\/\/api.w.org\/{rel}","templated":true}]}}