{"id":254102,"date":"2024-10-24T14:50:11","date_gmt":"2024-10-24T18:50:11","guid":{"rendered":"https:\/\/elluchador.info\/?p=254102"},"modified":"2024-10-24T14:50:58","modified_gmt":"2024-10-24T18:50:58","slug":"instalan-grupo-de-amistad-venezuela-serbia","status":"publish","type":"post","link":"https:\/\/elluchador.info\/?p=254102","title":{"rendered":"Instalan grupo de amistad Venezuela-Serbia"},"content":{"rendered":"\n<p>Con el objeto de consolidar un v\u00ednculo s\u00f3lido entre los parlamentarios de ambos pa\u00edses, as\u00ed como fomentar la comunicaci\u00f3n, el di\u00e1logo y el intercambio de informaci\u00f3n legislativa, la Asamblea Nacional instal\u00f3 el Grupo de Amistad Parlamentaria Venezuela-Serbia, este martes desde el Palacio Federal Legislativo.<br><br>El presidente del grupo, diputado Roque Valero, explic\u00f3 que otro objetivo de esta instancia es el fomento de la cooperaci\u00f3n en aspectos de inter\u00e9s com\u00fan, el impulso de la soberan\u00eda, independencia nacional y la autodeterminaci\u00f3n de los pueblos.<br><br>Agreg\u00f3 que tambi\u00e9n se busca, con estos grupos de amistad parlamentaria, la defensa de la democracia participativa y protag\u00f3nica, amistad, solidaridad, complementariedad, respeto al derecho internacional p\u00fablico y a los derechos humanos.<br><br>Valero, resalt\u00f3 que tanto Venezuela como Serbia deben continuar trabajando para seguir avanzando en la construcci\u00f3n de un mundo multic\u00e9ntrico y pluripolar que garantice la sobrevivencia de la especie humana.<br><br>Por su parte, la embajadora de Serbia en Venezuela, Katarina Andri\u0107, agradeci\u00f3 la instalaci\u00f3n del grupo, y a su vez manifest\u00f3 su deseo de contribuir al desarrollo de las relaciones y el contacto entre los dos parlamentos.<br><br>Expres\u00f3 que existe el inter\u00e9s de Serbia en desarrollar y fomentar el compromiso y la lucha a favor del mundo de paz, donde todos los pa\u00edses y pueblos se consideren iguales.<\/p>\n\n\n\n<p><strong><em>Con informaci\u00f3n de \u00daN.<\/em><\/strong><\/p>\n","protected":false},"excerpt":{"rendered":"<p>Con el objeto de consolidar un v\u00ednculo s\u00f3lido entre los parlamentarios de ambos pa\u00edses, as\u00ed como fomentar la comunicaci\u00f3n, el di\u00e1logo y el intercambio de informaci\u00f3n legislativa, la Asamblea Nacional instal\u00f3 el Grupo de Amistad Parlamentaria Venezuela-Serbia, este martes desde el Palacio Federal Legislativo. El presidente del grupo, diputado Roque Valero, explic\u00f3 que otro objetivo [&hellip;]<\/p>\n","protected":false},"author":2,"featured_media":254101,"comment_status":"closed","ping_status":"closed","sticky":false,"template":"","format":"standard","meta":{"footnotes":""},"categories":[11],"tags":[],"class_list":{"0":"post-254102","1":"post","2":"type-post","3":"status-publish","4":"format-standard","5":"has-post-thumbnail","7":"category-politica"},"_links":{"self":[{"href":"https:\/\/elluchador.info\/index.php?rest_route=\/wp\/v2\/posts\/254102","targetHints":{"allow":["GET"]}}],"collection":[{"href":"https:\/\/elluchador.info\/index.php?rest_route=\/wp\/v2\/posts"}],"about":[{"href":"https:\/\/elluchador.info\/index.php?rest_route=\/wp\/v2\/types\/post"}],"author":[{"embeddable":true,"href":"https:\/\/elluchador.info\/index.php?rest_route=\/wp\/v2\/users\/2"}],"replies":[{"embeddable":true,"href":"https:\/\/elluchador.info\/index.php?rest_route=%2Fwp%2Fv2%2Fcomments&post=254102"}],"version-history":[{"count":1,"href":"https:\/\/elluchador.info\/index.php?rest_route=\/wp\/v2\/posts\/254102\/revisions"}],"predecessor-version":[{"id":254103,"href":"https:\/\/elluchador.info\/index.php?rest_route=\/wp\/v2\/posts\/254102\/revisions\/254103"}],"wp:featuredmedia":[{"embeddable":true,"href":"https:\/\/elluchador.info\/index.php?rest_route=\/wp\/v2\/media\/254101"}],"wp:attachment":[{"href":"https:\/\/elluchador.info\/index.php?rest_route=%2Fwp%2Fv2%2Fmedia&parent=254102"}],"wp:term":[{"taxonomy":"category","embeddable":true,"href":"https:\/\/elluchador.info\/index.php?rest_route=%2Fwp%2Fv2%2Fcategories&post=254102"},{"taxonomy":"post_tag","embeddable":true,"href":"https:\/\/elluchador.info\/index.php?rest_route=%2Fwp%2Fv2%2Ftags&post=254102"}],"curies":[{"name":"wp","href":"https:\/\/api.w.org\/{rel}","templated":true}]}}