{"id":254259,"date":"2024-10-25T15:36:20","date_gmt":"2024-10-25T19:36:20","guid":{"rendered":"https:\/\/elluchador.info\/?p=254259"},"modified":"2024-10-25T15:36:24","modified_gmt":"2024-10-25T19:36:24","slug":"video-de-karol-g-desata-rumores-de-embarazo","status":"publish","type":"post","link":"https:\/\/elluchador.info\/?p=254259","title":{"rendered":"Video de Karol G desata rumores de embarazo"},"content":{"rendered":"\n<p><strong>Karol G<\/strong>&nbsp;se encuentra en el foco de medi\u00e1tico tras hacerse viral un video de ella en el cual podr\u00eda estar embarazada, seg\u00fan los internautas, puesto que su apariencia f\u00edsica ha cambiado un poco.<\/p>\n\n\n\n<p>En el material audiovisual se puede apreciar a la cantante colombiana en el concierto de&nbsp;<strong>Ryan Castro,<\/strong>&nbsp;donde estuvo como invitada especial, mientras lucia su figura con un atuendo ancho y su barriga inflamada.<\/p>\n\n\n\n<p>Aunque varios navegadores de internet afirman que la mujer se encuentra en la dulce espera de su primer beb\u00e9, fruto de su relaci\u00f3n con&nbsp;<strong>Feid<\/strong>, la int\u00e9rprete de&nbsp;<em><strong>Provenza<\/strong><\/em>&nbsp;no ha emitido ning\u00fan comentario sobre las especulaciones, motivo por el cual sus seguidores se encuentran en la expectativa de lo que pueda decir en los pr\u00f3ximos d\u00edas sobre el tema.<\/p>\n\n\n\n<p>Recordemos que los primeros rumores de este tipo salieron a la luz p\u00fablica luego de su presentaci\u00f3n en el festival&nbsp;<strong>Rock in Rio 2024, en Brasil,&nbsp;<\/strong>donde manifest\u00f3 que ser\u00eda su \u00faltimo concierto del a\u00f1o para enfocarse en disfrutar de&nbsp;su familia.<\/p>\n\n\n\n<p><strong>\u00bfCu\u00e1nto tiempo llevan de novios?<\/strong><\/p>\n\n\n\n<p>Hasta el momento, se desconoce los a\u00f1os exactos de la relaci\u00f3n entre&nbsp;<strong>Feid y Karol G;<\/strong>&nbsp;Sin embargo, varios portales internacionales afirman que podr\u00edan llevar tres a\u00f1os juntos tras hacer la colaboraci\u00f3n de&nbsp;<em><strong>Friki.<\/strong><\/em><\/p>\n\n\n\n<p><strong><em>Con informaci\u00f3n de 2001.<\/em><\/strong><\/p>\n","protected":false},"excerpt":{"rendered":"<p>Karol G&nbsp;se encuentra en el foco de medi\u00e1tico tras hacerse viral un video de ella en el cual podr\u00eda estar embarazada, seg\u00fan los internautas, puesto que su apariencia f\u00edsica ha cambiado un poco. En el material audiovisual se puede apreciar a la cantante colombiana en el concierto de&nbsp;Ryan Castro,&nbsp;donde estuvo como invitada especial, mientras lucia [&hellip;]<\/p>\n","protected":false},"author":2,"featured_media":254260,"comment_status":"closed","ping_status":"closed","sticky":false,"template":"","format":"standard","meta":{"footnotes":""},"categories":[7],"tags":[],"class_list":{"0":"post-254259","1":"post","2":"type-post","3":"status-publish","4":"format-standard","5":"has-post-thumbnail","7":"category-entretenimiento"},"_links":{"self":[{"href":"https:\/\/elluchador.info\/index.php?rest_route=\/wp\/v2\/posts\/254259","targetHints":{"allow":["GET"]}}],"collection":[{"href":"https:\/\/elluchador.info\/index.php?rest_route=\/wp\/v2\/posts"}],"about":[{"href":"https:\/\/elluchador.info\/index.php?rest_route=\/wp\/v2\/types\/post"}],"author":[{"embeddable":true,"href":"https:\/\/elluchador.info\/index.php?rest_route=\/wp\/v2\/users\/2"}],"replies":[{"embeddable":true,"href":"https:\/\/elluchador.info\/index.php?rest_route=%2Fwp%2Fv2%2Fcomments&post=254259"}],"version-history":[{"count":1,"href":"https:\/\/elluchador.info\/index.php?rest_route=\/wp\/v2\/posts\/254259\/revisions"}],"predecessor-version":[{"id":254261,"href":"https:\/\/elluchador.info\/index.php?rest_route=\/wp\/v2\/posts\/254259\/revisions\/254261"}],"wp:featuredmedia":[{"embeddable":true,"href":"https:\/\/elluchador.info\/index.php?rest_route=\/wp\/v2\/media\/254260"}],"wp:attachment":[{"href":"https:\/\/elluchador.info\/index.php?rest_route=%2Fwp%2Fv2%2Fmedia&parent=254259"}],"wp:term":[{"taxonomy":"category","embeddable":true,"href":"https:\/\/elluchador.info\/index.php?rest_route=%2Fwp%2Fv2%2Fcategories&post=254259"},{"taxonomy":"post_tag","embeddable":true,"href":"https:\/\/elluchador.info\/index.php?rest_route=%2Fwp%2Fv2%2Ftags&post=254259"}],"curies":[{"name":"wp","href":"https:\/\/api.w.org\/{rel}","templated":true}]}}