{"id":254268,"date":"2024-10-25T15:41:32","date_gmt":"2024-10-25T19:41:32","guid":{"rendered":"https:\/\/elluchador.info\/?p=254268"},"modified":"2024-10-25T15:41:35","modified_gmt":"2024-10-25T19:41:35","slug":"presidente-maduro-se-reune-con-primer-ministro-de-argelia-este-25-oct","status":"publish","type":"post","link":"https:\/\/elluchador.info\/?p=254268","title":{"rendered":"Presidente Maduro se re\u00fane con primer ministro de Argelia este 25-Oct"},"content":{"rendered":"\n<p>El presidente de Venezuela,&nbsp;Nicol\u00e1s Maduro, arrib\u00f3 este viernes al Aeropuerto Internacional Houari Boumedienne, en Argeliaa &nbsp;donde sostuvo un encuentro con el primer ministro de la naci\u00f3n \u00e1rabe,&nbsp;Mohamed Nadir Larbaoui.&nbsp;<\/p>\n\n\n\n<p>De acuerdo con la informaci\u00f3n, Maduro se reuni\u00f3 con el primer ministro durante la ceremonia de bienvenida, en la que participaron delegaciones diplom\u00e1ticas de ambos pa\u00edses.<\/p>\n\n\n\n<p>En ese sentido, el jefe de Estado expres\u00f3 su alegr\u00eda por visitar la Rep\u00fablica Argelina Democr\u00e1tica y Popular, al destacar la hospitalidad y el afecto que siempre ha recibido el pueblo de la naci\u00f3n venezolana, por parte del Gobierno y el pueblo de Argelia.<\/p>\n\n\n\n<p>\u00abLuego de una exitosa jornada en la XVI Cumbre de los BRICS, donde reafirmamos nuestra verdad y ratificamos el compromiso en construir un nuevo mundo para el desarrollo de los pueblos independientes, hemos llegado a Argelia. Tuvimos un importantes reuniones de trabajo con el Primer Ministro, Mohamed Nadir Larbaoui, para fortalecer los lazos de hermandad y cooperaci\u00f3n bilateral\u00bb, dijo el mandatario en su cuenta en la red social Instagram<\/p>\n\n\n\n<figure class=\"wp-block-image\"><img decoding=\"async\" src=\"https:\/\/pxcdn.2001online.com\/2001\/102024\/1729877476227\/Maduro%20llega%20a%20Argelia.png?cw=900\" alt=\"Presidente Maduro se re\u00fane con primer ministro de Argelia este #25Oct\" title=\"Presidente Maduro se re\u00fane con primer ministro de Argelia este #25Oct-\"\/><\/figure>\n\n\n\n<p>La \u00faltima vez que Maduro viaj\u00f3 al pa\u00eds africano fue en septiembre del a\u00f1o pasado cuando sostuvo un encuentro con el exprimer ministro de la Rep\u00fablica Argelina Democr\u00e1tica y Popular, Aymene Benabderrahmane, donde afirm\u00f3 la uni\u00f3n de amistad profunda y el compromiso por un mundo nuevo de ambas naciones.<\/p>\n\n\n\n<p>El presidente de la Rep\u00fablica particip\u00f3 en la Cumbre de los BRICS que se celebr\u00f3 hasta el 24 de octubre, en la ciudad rusa de Kaz\u00e1n, donde abog\u00f3 que este bloque pol\u00edtico-econ\u00f3mico es la representaci\u00f3n del cambio en el \u00e1mbito econ\u00f3mico y geopol\u00edtico, que simboliza la transformaci\u00f3n de los valores que deben regir las relaciones entre las naciones.<\/p>\n\n\n\n<h2 class=\"wp-block-heading\">Delegaci\u00f3n venezolana visita a Argelia<\/h2>\n\n\n\n<p>La delegaci\u00f3n venezolana, est\u00e1 conformada por la primera combatiente, Cilia Flores, el ministro del Poder Popular para Relaciones las Exteriores, Yv\u00e1n Gil, el viceministro para \u00c1frica, Yuri Pimentel, el vicepresidente sectorial de Comunicaci\u00f3n y Cultura, Freddy \u00d1\u00e1\u00f1ez, el&nbsp;ministro del Poder Popular para el Transporte, Ram\u00f3n Celestino Vel\u00e1squez Araguay\u00e1n, entre otras autoridades del Ejecutivo nacional.<\/p>\n\n\n\n<p>La autoridades de Argel y Caracas mantienen relaciones diplom\u00e1ticas, de hermandad y respeto desde 1971, fecha desde la cual han suscrito y profundizado acuerdos bilaterales que se han fortalecido desde la llegada del Comandante Hugo Ch\u00e1vez. En ese sentido, se han trazado importantes alianzas en materia de transporte, energ\u00eda, gas y agricultura.<\/p>\n\n\n\n<figure class=\"wp-block-image\"><img decoding=\"async\" src=\"https:\/\/pxcdn.2001online.com\/2001\/102024\/1729877425014\/Delegaci%C3%B3n%20venezolana%20en%20Argelia.png?cw=900\" alt=\"Presidente Maduro se re\u00fane con primer ministro de Argelia este #25Oct\" title=\"Presidente Maduro se re\u00fane con primer ministro de Argelia este #25Oct-\"\/><\/figure>\n\n\n\n<p><strong><em>Con informaci\u00f3n DE 2001.<\/em><\/strong><\/p>\n","protected":false},"excerpt":{"rendered":"<p>El presidente de Venezuela,&nbsp;Nicol\u00e1s Maduro, arrib\u00f3 este viernes al Aeropuerto Internacional Houari Boumedienne, en Argeliaa &nbsp;donde sostuvo un encuentro con el primer ministro de la naci\u00f3n \u00e1rabe,&nbsp;Mohamed Nadir Larbaoui.&nbsp; De acuerdo con la informaci\u00f3n, Maduro se reuni\u00f3 con el primer ministro durante la ceremonia de bienvenida, en la que participaron delegaciones diplom\u00e1ticas de ambos pa\u00edses. [&hellip;]<\/p>\n","protected":false},"author":2,"featured_media":254269,"comment_status":"closed","ping_status":"closed","sticky":false,"template":"","format":"standard","meta":{"footnotes":""},"categories":[11],"tags":[],"class_list":{"0":"post-254268","1":"post","2":"type-post","3":"status-publish","4":"format-standard","5":"has-post-thumbnail","7":"category-politica"},"_links":{"self":[{"href":"https:\/\/elluchador.info\/index.php?rest_route=\/wp\/v2\/posts\/254268","targetHints":{"allow":["GET"]}}],"collection":[{"href":"https:\/\/elluchador.info\/index.php?rest_route=\/wp\/v2\/posts"}],"about":[{"href":"https:\/\/elluchador.info\/index.php?rest_route=\/wp\/v2\/types\/post"}],"author":[{"embeddable":true,"href":"https:\/\/elluchador.info\/index.php?rest_route=\/wp\/v2\/users\/2"}],"replies":[{"embeddable":true,"href":"https:\/\/elluchador.info\/index.php?rest_route=%2Fwp%2Fv2%2Fcomments&post=254268"}],"version-history":[{"count":1,"href":"https:\/\/elluchador.info\/index.php?rest_route=\/wp\/v2\/posts\/254268\/revisions"}],"predecessor-version":[{"id":254270,"href":"https:\/\/elluchador.info\/index.php?rest_route=\/wp\/v2\/posts\/254268\/revisions\/254270"}],"wp:featuredmedia":[{"embeddable":true,"href":"https:\/\/elluchador.info\/index.php?rest_route=\/wp\/v2\/media\/254269"}],"wp:attachment":[{"href":"https:\/\/elluchador.info\/index.php?rest_route=%2Fwp%2Fv2%2Fmedia&parent=254268"}],"wp:term":[{"taxonomy":"category","embeddable":true,"href":"https:\/\/elluchador.info\/index.php?rest_route=%2Fwp%2Fv2%2Fcategories&post=254268"},{"taxonomy":"post_tag","embeddable":true,"href":"https:\/\/elluchador.info\/index.php?rest_route=%2Fwp%2Fv2%2Ftags&post=254268"}],"curies":[{"name":"wp","href":"https:\/\/api.w.org\/{rel}","templated":true}]}}