{"id":254488,"date":"2024-10-27T13:20:08","date_gmt":"2024-10-27T17:20:08","guid":{"rendered":"https:\/\/elluchador.info\/?p=254488"},"modified":"2024-10-27T13:24:06","modified_gmt":"2024-10-27T17:24:06","slug":"evo-morales-denuncia-que-su-vehiculo-fue-atacado-en-un-presunto-intento-de-asesinato","status":"publish","type":"post","link":"https:\/\/elluchador.info\/?p=254488","title":{"rendered":"Evo Morales denuncia que su veh\u00edculo fue atacado en un presunto intento de asesinato"},"content":{"rendered":"\n<p>El expresidente boliviano Evo Morales afirm\u00f3 que sali\u00f3 ileso de un presunto intento de asesinato el domingo cuando encapuchados dispararon contra su autom\u00f3vil mientras se dirig\u00eda a un programa radial.<\/p>\n\n\n\n<p>Morales acus\u00f3 al presidente Luis Arce del ataque, aunque el gobierno dijo que sospecha que se trate de un \u201cautoatentado\u201d.<\/p>\n\n\n\n<p>El inicidente tiene lugar al cumplirse 13 d\u00edas de cortes carreteros de los partidarios de Morales que rechazan una orden judicial para que el exmandatario responda por acusaciones penales.<\/p>\n\n\n\n<p>Morales relat\u00f3 en su programa habitual de los domingos que los encapuchados buscaron emboscarlo y realizaron al menos 14 disparos sin causarle ninguna herida. Sus allegados hicieron circular im\u00e1genes de los coches con impactos de bala en el parabrisas, la carrocer\u00eda y a uno de los conductores sangrando por una herida. Dijo que tambi\u00e9n sobrevolaron helic\u00f3pteros.<\/p>\n\n\n\n<p>Morales culp\u00f3 a su heredero pol\u00edtico y sucesor, el presidente Arce, de haber ordenado presuntamente el supuesto ataque para eliminarlo.<\/p>\n\n\n\n<p>\u201cLucho Arce va a pasar a ser el peor presidente de la historia, meterle bala a un expresidente ya es el colmo\u201d, dijo desde la regi\u00f3n del Chapare, en el centro de la naci\u00f3n andina, donde est\u00e1 parapetado desde hace dos semanas cuando se conoci\u00f3 una orden de la fiscal\u00eda para detenerlo tras negarse a declarar por acusaciones de supuesto abuso a una menor de edad cuando presid\u00eda el pa\u00eds. Dirigentes cocaleros realizan vigilas para protegerlo.<\/p>\n\n\n\n<p>En respuesta, el viceministro de Seguridad Ciudadana, Roberto R\u00edos, dijo poco m\u00e1s tarde en declaraciones a la prensa que la \u201cpoblaci\u00f3n tiene el criterio de un posible autoatentado que las autoridades van a investigar\u201d.<\/p>\n\n\n\n<p>\u201cMorales est\u00e1 buscando la confrontaci\u00f3n, la violencia en las carreteras por intereses pol\u00edticos y por lograr impunidad\u201d, se\u00f1al\u00f3.<\/p>\n\n\n\n<p>Dijo asimismo que la polic\u00eda no ha recibido una orden formal de la justicia para detener al pol\u00edtico de 65 a\u00f1os.<\/p>\n\n\n\n<p>Los partidarios de Morales llamaron a continuar y masificar las protestas en las carreteras tras las denuncias de su l\u00edder por la radio.<\/p>\n\n\n\n<p>Arce y Morales est\u00e1n enfrentados por el control del dividido gobernante Movimiento al Socialismo (MAS) de cara a las elecciones presidenciales de 2025. Morales acusa a Arce de llevare al pa\u00eds al \u201cdescalabro econ\u00f3mico\u201d y de \u201carmar\u201d un caso judicial para sacarlo de la carretera presidencial. Arce, por su parte, acusa a su mentor pol\u00edtico de \u201cboicot\u201d a su gesti\u00f3n para acortar su mandato por \u201cintereses personales\u201d.<\/p>\n\n\n\n<p>El s\u00e1bado en la noche, Arce cambi\u00f3 sorpresivamente a la c\u00fapula militar e inst\u00f3 a los nuevos jefes militares a \u201cgarantizar el restablecimiento del orden p\u00fablico\u201d frente a las protestas de seguidores de Morales.<\/p>\n\n\n\n<p>Los cortes carreteros han desabastecido a las ciudades de alimentos y combustible y est\u00e1 aumentado el descontento por las alzas en el costo de vida en medio de una crisis econ\u00f3mica.<\/p>\n\n\n\n<p><em><strong>Con informaci\u00f3n de El Impulso.<\/strong><\/em><\/p>\n","protected":false},"excerpt":{"rendered":"<p>El expresidente boliviano Evo Morales afirm\u00f3 que sali\u00f3 ileso de un presunto intento de asesinato el domingo cuando encapuchados dispararon contra su autom\u00f3vil mientras se dirig\u00eda a un programa radial. Morales acus\u00f3 al presidente Luis Arce del ataque, aunque el gobierno dijo que sospecha que se trate de un \u201cautoatentado\u201d. El inicidente tiene lugar al [&hellip;]<\/p>\n","protected":false},"author":2,"featured_media":254487,"comment_status":"closed","ping_status":"closed","sticky":false,"template":"","format":"standard","meta":{"footnotes":""},"categories":[8],"tags":[],"class_list":{"0":"post-254488","1":"post","2":"type-post","3":"status-publish","4":"format-standard","5":"has-post-thumbnail","7":"category-internacionales"},"_links":{"self":[{"href":"https:\/\/elluchador.info\/index.php?rest_route=\/wp\/v2\/posts\/254488","targetHints":{"allow":["GET"]}}],"collection":[{"href":"https:\/\/elluchador.info\/index.php?rest_route=\/wp\/v2\/posts"}],"about":[{"href":"https:\/\/elluchador.info\/index.php?rest_route=\/wp\/v2\/types\/post"}],"author":[{"embeddable":true,"href":"https:\/\/elluchador.info\/index.php?rest_route=\/wp\/v2\/users\/2"}],"replies":[{"embeddable":true,"href":"https:\/\/elluchador.info\/index.php?rest_route=%2Fwp%2Fv2%2Fcomments&post=254488"}],"version-history":[{"count":2,"href":"https:\/\/elluchador.info\/index.php?rest_route=\/wp\/v2\/posts\/254488\/revisions"}],"predecessor-version":[{"id":254490,"href":"https:\/\/elluchador.info\/index.php?rest_route=\/wp\/v2\/posts\/254488\/revisions\/254490"}],"wp:featuredmedia":[{"embeddable":true,"href":"https:\/\/elluchador.info\/index.php?rest_route=\/wp\/v2\/media\/254487"}],"wp:attachment":[{"href":"https:\/\/elluchador.info\/index.php?rest_route=%2Fwp%2Fv2%2Fmedia&parent=254488"}],"wp:term":[{"taxonomy":"category","embeddable":true,"href":"https:\/\/elluchador.info\/index.php?rest_route=%2Fwp%2Fv2%2Fcategories&post=254488"},{"taxonomy":"post_tag","embeddable":true,"href":"https:\/\/elluchador.info\/index.php?rest_route=%2Fwp%2Fv2%2Ftags&post=254488"}],"curies":[{"name":"wp","href":"https:\/\/api.w.org\/{rel}","templated":true}]}}