{"id":254525,"date":"2024-10-27T16:43:41","date_gmt":"2024-10-27T20:43:41","guid":{"rendered":"https:\/\/elluchador.info\/?p=254525"},"modified":"2024-10-27T16:44:24","modified_gmt":"2024-10-27T20:44:24","slug":"j-balvin-estrena-video-grabado-en-dubai-junto-al-puertorriqueno-luar-la-l","status":"publish","type":"post","link":"https:\/\/elluchador.info\/?p=254525","title":{"rendered":"J Balvin estrena video grabado en Dub\u00e1i junto al puertorrique\u00f1o Luar La L"},"content":{"rendered":"\n<p>El cantante colombiano J Balvin estren\u00f3 este viernes el video de la canci\u00f3n &#8216;SWAT&#8217;, tema incluido su \u00faltimo \u00e1lbum titulado &#8216;Rayo&#8217;, en el que colabora el rapero puertorrique\u00f1o Luar La L, con quien propone una traves\u00eda visual en los imponentes paisajes de Dub\u00e1i.<\/p>\n\n\n\n<p>El video, definido por su realizadores como \u00abintenso\u00bb y \u00abcinematogr\u00e1fico\u00bb, explota el perfil urbano y el desierto de Dub\u00e1i, e inicia con Luar La L caminando por las calles con un grupo antes de cruzarse con el &#8216;Ni\u00f1o de Medell\u00edn&#8217;, mientras los dos lucen trajes exc\u00e9ntricos y llevan un maquillaje particular y accesorios futuristas.<\/p>\n\n\n\n<p>La aventura de los dos artistas urbanos, que exploran un extra\u00f1o l\u00edquido, avanza con su encuentro mientras cantan \u00abYo s\u00e9 que t\u00fa eres s\u00e1tira, una bellaca, pa&#8217;l perreo r\u00e1pida\u00bb para luego llegar al desierto, donde el \u00abtema se eleva\u00bb al ir en convoy de camionetas y motocicletas \u00abnavegando\u00bb por las dunas en medio de una misi\u00f3n misteriosa.<\/p>\n\n\n\n<p>Balvin desvel\u00f3 en agosto &#8216;Rayo&#8217;, trabajo discogr\u00e1fico que lanz\u00f3 en eventos en Colombia, M\u00e9xico y Estados Unidos, y que tiene una \u00abmuy buena vibra\u00bb al transitar por el mejor momento de su vida.<\/p>\n\n\n\n<p>\u00abFue un \u00e1lbum que se hizo en dos o tres meses, con mucha pasi\u00f3n y con mucha, mucha nostalgia, porque fue un \u00e1lbum que se hizo como cuando empec\u00e9, con solo la expectativa de disfrutar haciendo m\u00fasica\u00bb, dijo en una entrevista el cantante nacido en Medell\u00edn cuando present\u00f3 su nuevo disco.<\/p>\n\n\n\n<p>Adem\u00e1s de su &#8216;SWAT&#8217;, en colaboraci\u00f3n con la naciente estrella puertorrique\u00f1a Luar La L, en su m\u00e1s reciente producci\u00f3n incluy\u00f3 canciones como &#8216;Polvo de tu vida&#8217; con Chencho Corleone, &#8216;Doblexx\u00f3&#8217; con Feid; &#8216;Stoker&#8217; con Carin Le\u00f3n, y &#8216;Origami&#8217; con Ryan Castro y Blessd, entre otras.<\/p>\n\n\n\n<p><strong><em>Con informaci\u00f3n de Ronda.<\/em><\/strong><\/p>\n","protected":false},"excerpt":{"rendered":"<p>El cantante colombiano J Balvin estren\u00f3 este viernes el video de la canci\u00f3n &#8216;SWAT&#8217;, tema incluido su \u00faltimo \u00e1lbum titulado &#8216;Rayo&#8217;, en el que colabora el rapero puertorrique\u00f1o Luar La L, con quien propone una traves\u00eda visual en los imponentes paisajes de Dub\u00e1i. El video, definido por su realizadores como \u00abintenso\u00bb y \u00abcinematogr\u00e1fico\u00bb, explota el [&hellip;]<\/p>\n","protected":false},"author":2,"featured_media":254524,"comment_status":"closed","ping_status":"closed","sticky":false,"template":"","format":"standard","meta":{"footnotes":""},"categories":[7],"tags":[],"class_list":{"0":"post-254525","1":"post","2":"type-post","3":"status-publish","4":"format-standard","5":"has-post-thumbnail","7":"category-entretenimiento"},"_links":{"self":[{"href":"https:\/\/elluchador.info\/index.php?rest_route=\/wp\/v2\/posts\/254525","targetHints":{"allow":["GET"]}}],"collection":[{"href":"https:\/\/elluchador.info\/index.php?rest_route=\/wp\/v2\/posts"}],"about":[{"href":"https:\/\/elluchador.info\/index.php?rest_route=\/wp\/v2\/types\/post"}],"author":[{"embeddable":true,"href":"https:\/\/elluchador.info\/index.php?rest_route=\/wp\/v2\/users\/2"}],"replies":[{"embeddable":true,"href":"https:\/\/elluchador.info\/index.php?rest_route=%2Fwp%2Fv2%2Fcomments&post=254525"}],"version-history":[{"count":1,"href":"https:\/\/elluchador.info\/index.php?rest_route=\/wp\/v2\/posts\/254525\/revisions"}],"predecessor-version":[{"id":254526,"href":"https:\/\/elluchador.info\/index.php?rest_route=\/wp\/v2\/posts\/254525\/revisions\/254526"}],"wp:featuredmedia":[{"embeddable":true,"href":"https:\/\/elluchador.info\/index.php?rest_route=\/wp\/v2\/media\/254524"}],"wp:attachment":[{"href":"https:\/\/elluchador.info\/index.php?rest_route=%2Fwp%2Fv2%2Fmedia&parent=254525"}],"wp:term":[{"taxonomy":"category","embeddable":true,"href":"https:\/\/elluchador.info\/index.php?rest_route=%2Fwp%2Fv2%2Fcategories&post=254525"},{"taxonomy":"post_tag","embeddable":true,"href":"https:\/\/elluchador.info\/index.php?rest_route=%2Fwp%2Fv2%2Ftags&post=254525"}],"curies":[{"name":"wp","href":"https:\/\/api.w.org\/{rel}","templated":true}]}}