{"id":254693,"date":"2024-10-28T19:23:23","date_gmt":"2024-10-28T23:23:23","guid":{"rendered":"https:\/\/elluchador.info\/?p=254693"},"modified":"2024-10-28T19:23:27","modified_gmt":"2024-10-28T23:23:27","slug":"gobernacion-renueva-parque-ecologico-y-centro-educativo-en-caujaro","status":"publish","type":"post","link":"https:\/\/elluchador.info\/?p=254693","title":{"rendered":"Gobernaci\u00f3n renueva parque ecol\u00f3gico y centro educativo en Caujaro"},"content":{"rendered":"\n<p>El parque ecol\u00f3gico de Caujaro y Villa Acero, ubicado en la parroquia Unare del municipio Caron\u00ed, ha sido completamente rehabilitado y ahora luce un nuevo rostro.<\/p>\n\n\n\n<p>El gobernador \u00c1ngel Marcano inaugur\u00f3 las renovadas instalaciones con el objetivo de ofrecer un espacio recreativo y deportivo para la comunidad, beneficiando a ni\u00f1os, j\u00f3venes y adultos.<\/p>\n\n\n\n<p>Durante la reapertura de este sitio recreativo, se instalaron ocho m\u00e1quinas para hacer ejercicio y se habilitaron \u00e1reas de recreaci\u00f3n para ni\u00f1os, una cancha de bolas criollas, una cancha de f\u00fatbol sala, una cancha de baloncesto y caminer\u00edas.<\/p>\n\n\n<div class=\"wp-block-image\">\n<figure class=\"aligncenter size-full is-resized\"><img loading=\"lazy\" decoding=\"async\" width=\"720\" height=\"377\" src=\"https:\/\/elluchador.info\/wp-content\/uploads\/2024\/10\/IMG-20241028-WA0029-1.jpg\" alt=\"\" class=\"wp-image-254694\" style=\"width:529px;height:auto\" srcset=\"https:\/\/elluchador.info\/wp-content\/uploads\/2024\/10\/IMG-20241028-WA0029-1.jpg 720w, https:\/\/elluchador.info\/wp-content\/uploads\/2024\/10\/IMG-20241028-WA0029-1-300x157.jpg 300w, https:\/\/elluchador.info\/wp-content\/uploads\/2024\/10\/IMG-20241028-WA0029-1-150x79.jpg 150w, https:\/\/elluchador.info\/wp-content\/uploads\/2024\/10\/IMG-20241028-WA0029-1-696x364.jpg 696w\" sizes=\"auto, (max-width: 720px) 100vw, 720px\" \/><\/figure>\n<\/div>\n\n\n<p>Marcano acompa\u00f1\u00f3 a los l\u00edderes del sector en la inauguraci\u00f3n del parque, destinado al sano esparcimiento de m\u00e1s de 2000 habitantes del \u00e1rea.<\/p>\n\n\n\n<p><strong><em><mark style=\"background-color:rgba(0, 0, 0, 0)\" class=\"has-inline-color has-luminous-vivid-orange-color\">Labor integral de rehabilitaci\u00f3n<\/mark><\/em><\/strong><\/p>\n\n\n\n<p>Adem\u00e1s, en la misma parroquia, el gobernador \u00c1ngel Marcano visit\u00f3 el Centro de Educaci\u00f3n Inicial \u00abCaujaro\u00bb para evaluar la situaci\u00f3n actual de este espacio educativo. Marcano explic\u00f3 que las instalaciones han sido intervenidas por la comunidad gracias a los recursos aprobados en la segunda Consulta Nacional Popular.<\/p>\n\n\n\n<p>El gobernador tambi\u00e9n anunci\u00f3 que la gobernaci\u00f3n apoyar\u00e1 la culminaci\u00f3n de los trabajos con labores de impermeabilizaci\u00f3n, climatizaci\u00f3n de las aulas, equipamiento de la cocina del centro educativo, instalaci\u00f3n de aires acondicionados, entre otras adecuaciones. Estas mejoras est\u00e1n dirigidas a optimizar los espacios de formaci\u00f3n para m\u00e1s de 80 ni\u00f1os y ni\u00f1as.<\/p>\n\n\n\n<p><strong><em><mark style=\"background-color:rgba(0, 0, 0, 0)\" class=\"has-inline-color has-luminous-vivid-orange-color\">Nahirobis Sarmiento (Pasante)<\/mark><\/em><\/strong><\/p>\n","protected":false},"excerpt":{"rendered":"<p>El parque ecol\u00f3gico de Caujaro y Villa Acero, ubicado en la parroquia Unare del municipio Caron\u00ed, ha sido completamente rehabilitado y ahora luce un nuevo rostro. El gobernador \u00c1ngel Marcano inaugur\u00f3 las renovadas instalaciones con el objetivo de ofrecer un espacio recreativo y deportivo para la comunidad, beneficiando a ni\u00f1os, j\u00f3venes y adultos. Durante la [&hellip;]<\/p>\n","protected":false},"author":33,"featured_media":254695,"comment_status":"closed","ping_status":"closed","sticky":false,"template":"","format":"standard","meta":{"footnotes":""},"categories":[12],"tags":[185],"class_list":{"0":"post-254693","1":"post","2":"type-post","3":"status-publish","4":"format-standard","5":"has-post-thumbnail","7":"category-regionales","8":"tag-bolivar"},"_links":{"self":[{"href":"https:\/\/elluchador.info\/index.php?rest_route=\/wp\/v2\/posts\/254693","targetHints":{"allow":["GET"]}}],"collection":[{"href":"https:\/\/elluchador.info\/index.php?rest_route=\/wp\/v2\/posts"}],"about":[{"href":"https:\/\/elluchador.info\/index.php?rest_route=\/wp\/v2\/types\/post"}],"author":[{"embeddable":true,"href":"https:\/\/elluchador.info\/index.php?rest_route=\/wp\/v2\/users\/33"}],"replies":[{"embeddable":true,"href":"https:\/\/elluchador.info\/index.php?rest_route=%2Fwp%2Fv2%2Fcomments&post=254693"}],"version-history":[{"count":1,"href":"https:\/\/elluchador.info\/index.php?rest_route=\/wp\/v2\/posts\/254693\/revisions"}],"predecessor-version":[{"id":254696,"href":"https:\/\/elluchador.info\/index.php?rest_route=\/wp\/v2\/posts\/254693\/revisions\/254696"}],"wp:featuredmedia":[{"embeddable":true,"href":"https:\/\/elluchador.info\/index.php?rest_route=\/wp\/v2\/media\/254695"}],"wp:attachment":[{"href":"https:\/\/elluchador.info\/index.php?rest_route=%2Fwp%2Fv2%2Fmedia&parent=254693"}],"wp:term":[{"taxonomy":"category","embeddable":true,"href":"https:\/\/elluchador.info\/index.php?rest_route=%2Fwp%2Fv2%2Fcategories&post=254693"},{"taxonomy":"post_tag","embeddable":true,"href":"https:\/\/elluchador.info\/index.php?rest_route=%2Fwp%2Fv2%2Ftags&post=254693"}],"curies":[{"name":"wp","href":"https:\/\/api.w.org\/{rel}","templated":true}]}}