{"id":255307,"date":"2024-11-02T12:04:32","date_gmt":"2024-11-02T16:04:32","guid":{"rendered":"https:\/\/elluchador.info\/?p=255307"},"modified":"2024-11-02T12:04:35","modified_gmt":"2024-11-02T16:04:35","slug":"viceministro-de-habitat-y-vivienda-bolivarenses-contaran-con-hogares-de-primera","status":"publish","type":"post","link":"https:\/\/elluchador.info\/?p=255307","title":{"rendered":"Viceministro de H\u00e1bitat y Vivienda: Bolivarenses contar\u00e1n con hogares de primera"},"content":{"rendered":"\n<p>Durante la ma\u00f1ana de este viernes 1 noviembre, todo el equipo del \u00d3rgano de Vivienda en Ciudad Bol\u00edvar, encabezado por el alcalde Sergio Hern\u00e1ndez, recibieron al viceministro de Industria para H\u00e1bitat y Vivienda, Audy Manuel Delgado, para seguir articulando acciones en materia de rehabilitaci\u00f3n y embellecimiento de las torres en el complejo urbano El Gigante.<\/p>\n\n\n\n<p>All\u00ed las autoridades entablaron una mesa t\u00e9cnica de trabajo con la autoridad nacional, donde participaron representantes de Gobernaci\u00f3n, Inviobras, Corpobolivar, BNBT, Corpoelec, CVG, alcald\u00eda, entre otros para seguir fomentando las bases para la construcci\u00f3n, adecuaci\u00f3n de las torres y darle un mejor calidad de vida a las personas.<\/p>\n\n\n\n<figure class=\"wp-block-gallery has-nested-images columns-default is-cropped wp-block-gallery-1 is-layout-flex wp-block-gallery-is-layout-flex\">\n<figure class=\"wp-block-image size-large\"><img loading=\"lazy\" decoding=\"async\" width=\"1024\" height=\"768\" data-id=\"255308\" src=\"https:\/\/elluchador.info\/wp-content\/uploads\/2024\/11\/05-1024x768.jpg\" alt=\"\" class=\"wp-image-255308\" srcset=\"https:\/\/elluchador.info\/wp-content\/uploads\/2024\/11\/05-1024x768.jpg 1024w, https:\/\/elluchador.info\/wp-content\/uploads\/2024\/11\/05-300x225.jpg 300w, https:\/\/elluchador.info\/wp-content\/uploads\/2024\/11\/05-768x576.jpg 768w, https:\/\/elluchador.info\/wp-content\/uploads\/2024\/11\/05-1536x1152.jpg 1536w, https:\/\/elluchador.info\/wp-content\/uploads\/2024\/11\/05-2048x1536.jpg 2048w, https:\/\/elluchador.info\/wp-content\/uploads\/2024\/11\/05-150x113.jpg 150w, https:\/\/elluchador.info\/wp-content\/uploads\/2024\/11\/05-696x522.jpg 696w, https:\/\/elluchador.info\/wp-content\/uploads\/2024\/11\/05-1068x801.jpg 1068w, https:\/\/elluchador.info\/wp-content\/uploads\/2024\/11\/05-1920x1440.jpg 1920w\" sizes=\"auto, (max-width: 1024px) 100vw, 1024px\" \/><\/figure>\n\n\n\n<figure class=\"wp-block-image size-large\"><img loading=\"lazy\" decoding=\"async\" width=\"1024\" height=\"768\" data-id=\"255309\" src=\"https:\/\/elluchador.info\/wp-content\/uploads\/2024\/11\/03-1024x768.jpg\" alt=\"\" class=\"wp-image-255309\" srcset=\"https:\/\/elluchador.info\/wp-content\/uploads\/2024\/11\/03-1024x768.jpg 1024w, https:\/\/elluchador.info\/wp-content\/uploads\/2024\/11\/03-300x225.jpg 300w, https:\/\/elluchador.info\/wp-content\/uploads\/2024\/11\/03-768x576.jpg 768w, https:\/\/elluchador.info\/wp-content\/uploads\/2024\/11\/03-1536x1152.jpg 1536w, https:\/\/elluchador.info\/wp-content\/uploads\/2024\/11\/03-2048x1536.jpg 2048w, https:\/\/elluchador.info\/wp-content\/uploads\/2024\/11\/03-150x113.jpg 150w, https:\/\/elluchador.info\/wp-content\/uploads\/2024\/11\/03-696x522.jpg 696w, https:\/\/elluchador.info\/wp-content\/uploads\/2024\/11\/03-1068x801.jpg 1068w, https:\/\/elluchador.info\/wp-content\/uploads\/2024\/11\/03-1920x1440.jpg 1920w\" sizes=\"auto, (max-width: 1024px) 100vw, 1024px\" \/><\/figure>\n<\/figure>\n\n\n\n<p>El l\u00edder municipal mencion\u00f3 que desde el primer d\u00eda se han consolidado en una sola familia para efectuar las inspecciones, as\u00ed como los pasos a seguir para rehabilitar las torres, donde vivir\u00e1n las familias bolivarenses.<\/p>\n\n\n\n<p>\u00abEste un sue\u00f1o que se va hacer realidad, bajo las pol\u00edticas del presidente Nicol\u00e1s Maduro y todo un equipo, porque la revoluci\u00f3n es garant\u00eda de alegr\u00eda y protecci\u00f3n del pueblo, quienes pronto contaran con sus apartamentos revitalizados\u00bb, afirm\u00f3 Hern\u00e1ndez.<\/p>\n\n\n\n<figure class=\"wp-block-gallery has-nested-images columns-default is-cropped wp-block-gallery-2 is-layout-flex wp-block-gallery-is-layout-flex\">\n<figure class=\"wp-block-image size-large\"><img loading=\"lazy\" decoding=\"async\" width=\"1024\" height=\"768\" data-id=\"255310\" src=\"https:\/\/elluchador.info\/wp-content\/uploads\/2024\/11\/07-1024x768.jpg\" alt=\"\" class=\"wp-image-255310\" srcset=\"https:\/\/elluchador.info\/wp-content\/uploads\/2024\/11\/07-1024x768.jpg 1024w, https:\/\/elluchador.info\/wp-content\/uploads\/2024\/11\/07-300x225.jpg 300w, https:\/\/elluchador.info\/wp-content\/uploads\/2024\/11\/07-768x576.jpg 768w, https:\/\/elluchador.info\/wp-content\/uploads\/2024\/11\/07-1536x1152.jpg 1536w, https:\/\/elluchador.info\/wp-content\/uploads\/2024\/11\/07-2048x1536.jpg 2048w, https:\/\/elluchador.info\/wp-content\/uploads\/2024\/11\/07-150x113.jpg 150w, https:\/\/elluchador.info\/wp-content\/uploads\/2024\/11\/07-696x522.jpg 696w, https:\/\/elluchador.info\/wp-content\/uploads\/2024\/11\/07-1068x801.jpg 1068w, https:\/\/elluchador.info\/wp-content\/uploads\/2024\/11\/07-1920x1440.jpg 1920w\" sizes=\"auto, (max-width: 1024px) 100vw, 1024px\" \/><\/figure>\n\n\n\n<figure class=\"wp-block-image size-large\"><img loading=\"lazy\" decoding=\"async\" width=\"1024\" height=\"768\" data-id=\"255311\" src=\"https:\/\/elluchador.info\/wp-content\/uploads\/2024\/11\/06-1024x768.jpg\" alt=\"\" class=\"wp-image-255311\" srcset=\"https:\/\/elluchador.info\/wp-content\/uploads\/2024\/11\/06-1024x768.jpg 1024w, https:\/\/elluchador.info\/wp-content\/uploads\/2024\/11\/06-300x225.jpg 300w, https:\/\/elluchador.info\/wp-content\/uploads\/2024\/11\/06-768x576.jpg 768w, https:\/\/elluchador.info\/wp-content\/uploads\/2024\/11\/06-1536x1152.jpg 1536w, https:\/\/elluchador.info\/wp-content\/uploads\/2024\/11\/06-2048x1536.jpg 2048w, https:\/\/elluchador.info\/wp-content\/uploads\/2024\/11\/06-150x113.jpg 150w, https:\/\/elluchador.info\/wp-content\/uploads\/2024\/11\/06-696x522.jpg 696w, https:\/\/elluchador.info\/wp-content\/uploads\/2024\/11\/06-1068x801.jpg 1068w, https:\/\/elluchador.info\/wp-content\/uploads\/2024\/11\/06-1920x1440.jpg 1920w\" sizes=\"auto, (max-width: 1024px) 100vw, 1024px\" \/><\/figure>\n<\/figure>\n\n\n\n<p>Hern\u00e1ndez explic\u00f3 que se han efectuado dos mesas de trabajo, donde cada instituci\u00f3n engranada a las pol\u00edticas nacionales ha dado sus aportes, as\u00ed como sus experiencias para sacar este proyecto que beneficiar\u00e1 a las familias del lugar. \u00abAqu\u00ed estamos los hijos de Bol\u00edvar y Ch\u00e1vez, articulados como un solo gobierno para consolidar los espacios y darle esa alegr\u00eda a las personas, porque la revoluci\u00f3n es inclusi\u00f3n\u00bb, acot\u00f3.<\/p>\n\n\n\n<figure class=\"wp-block-gallery has-nested-images columns-default is-cropped wp-block-gallery-3 is-layout-flex wp-block-gallery-is-layout-flex\">\n<figure class=\"wp-block-image size-large\"><img loading=\"lazy\" decoding=\"async\" width=\"1024\" height=\"576\" data-id=\"255312\" src=\"https:\/\/elluchador.info\/wp-content\/uploads\/2024\/11\/08-1024x576.jpg\" alt=\"\" class=\"wp-image-255312\" srcset=\"https:\/\/elluchador.info\/wp-content\/uploads\/2024\/11\/08-1024x576.jpg 1024w, https:\/\/elluchador.info\/wp-content\/uploads\/2024\/11\/08-300x169.jpg 300w, https:\/\/elluchador.info\/wp-content\/uploads\/2024\/11\/08-768x432.jpg 768w, https:\/\/elluchador.info\/wp-content\/uploads\/2024\/11\/08-1536x864.jpg 1536w, https:\/\/elluchador.info\/wp-content\/uploads\/2024\/11\/08-2048x1152.jpg 2048w, https:\/\/elluchador.info\/wp-content\/uploads\/2024\/11\/08-150x84.jpg 150w, https:\/\/elluchador.info\/wp-content\/uploads\/2024\/11\/08-696x392.jpg 696w, https:\/\/elluchador.info\/wp-content\/uploads\/2024\/11\/08-1068x601.jpg 1068w, https:\/\/elluchador.info\/wp-content\/uploads\/2024\/11\/08-1920x1080.jpg 1920w\" sizes=\"auto, (max-width: 1024px) 100vw, 1024px\" \/><\/figure>\n\n\n\n<figure class=\"wp-block-image size-large\"><img loading=\"lazy\" decoding=\"async\" width=\"1024\" height=\"768\" data-id=\"255313\" src=\"https:\/\/elluchador.info\/wp-content\/uploads\/2024\/11\/01-1024x768.jpg\" alt=\"\" class=\"wp-image-255313\" srcset=\"https:\/\/elluchador.info\/wp-content\/uploads\/2024\/11\/01-1024x768.jpg 1024w, https:\/\/elluchador.info\/wp-content\/uploads\/2024\/11\/01-300x225.jpg 300w, https:\/\/elluchador.info\/wp-content\/uploads\/2024\/11\/01-768x576.jpg 768w, https:\/\/elluchador.info\/wp-content\/uploads\/2024\/11\/01-1536x1152.jpg 1536w, https:\/\/elluchador.info\/wp-content\/uploads\/2024\/11\/01-2048x1536.jpg 2048w, https:\/\/elluchador.info\/wp-content\/uploads\/2024\/11\/01-150x113.jpg 150w, https:\/\/elluchador.info\/wp-content\/uploads\/2024\/11\/01-696x522.jpg 696w, https:\/\/elluchador.info\/wp-content\/uploads\/2024\/11\/01-1068x801.jpg 1068w, https:\/\/elluchador.info\/wp-content\/uploads\/2024\/11\/01-1920x1440.jpg 1920w\" sizes=\"auto, (max-width: 1024px) 100vw, 1024px\" \/><\/figure>\n<\/figure>\n\n\n\n<p>Por su parte, el viceministro de Industria para H\u00e1bitat y Vivienda MPP H\u00e1bitat y Vivienda, Audy Manuel Delgado dijo que gracias al presidente Nicol\u00e1s Maduro, las personas ahora cuentan con viviendas dignas y que eso va a seguir; porque en la uni\u00f3n esta la fuerza y juntos venceremos.<\/p>\n\n\n\n<p>\u00abHoy estoy participando en esta mesa de trabajo; donde hablamos con el poder popular, los encargados de las instituciones, de esta manera mantener las ideas claras para iniciar los trabajos de rehabilitaci\u00f3n y adecuaci\u00f3n de estas torres, que vendr\u00e1n hacer la alegr\u00eda de un pueblo\u00bb, dijo Delgado.<\/p>\n\n\n\n<p><strong><em><mark style=\"background-color:rgba(0, 0, 0, 0)\" class=\"has-inline-color has-luminous-vivid-orange-color\">Prensa Alcald\u00eda AO<\/mark><\/em><\/strong><\/p>\n","protected":false},"excerpt":{"rendered":"<p>Durante la ma\u00f1ana de este viernes 1 noviembre, todo el equipo del \u00d3rgano de Vivienda en Ciudad Bol\u00edvar, encabezado por el alcalde Sergio Hern\u00e1ndez, recibieron al viceministro de Industria para H\u00e1bitat y Vivienda, Audy Manuel Delgado, para seguir articulando acciones en materia de rehabilitaci\u00f3n y embellecimiento de las torres en el complejo urbano El Gigante. [&hellip;]<\/p>\n","protected":false},"author":33,"featured_media":255314,"comment_status":"closed","ping_status":"closed","sticky":false,"template":"","format":"standard","meta":{"footnotes":""},"categories":[20],"tags":[185,306],"class_list":{"0":"post-255307","1":"post","2":"type-post","3":"status-publish","4":"format-standard","5":"has-post-thumbnail","7":"category-municipal","8":"tag-bolivar","9":"tag-ciudad-bolivar"},"_links":{"self":[{"href":"https:\/\/elluchador.info\/index.php?rest_route=\/wp\/v2\/posts\/255307","targetHints":{"allow":["GET"]}}],"collection":[{"href":"https:\/\/elluchador.info\/index.php?rest_route=\/wp\/v2\/posts"}],"about":[{"href":"https:\/\/elluchador.info\/index.php?rest_route=\/wp\/v2\/types\/post"}],"author":[{"embeddable":true,"href":"https:\/\/elluchador.info\/index.php?rest_route=\/wp\/v2\/users\/33"}],"replies":[{"embeddable":true,"href":"https:\/\/elluchador.info\/index.php?rest_route=%2Fwp%2Fv2%2Fcomments&post=255307"}],"version-history":[{"count":1,"href":"https:\/\/elluchador.info\/index.php?rest_route=\/wp\/v2\/posts\/255307\/revisions"}],"predecessor-version":[{"id":255315,"href":"https:\/\/elluchador.info\/index.php?rest_route=\/wp\/v2\/posts\/255307\/revisions\/255315"}],"wp:featuredmedia":[{"embeddable":true,"href":"https:\/\/elluchador.info\/index.php?rest_route=\/wp\/v2\/media\/255314"}],"wp:attachment":[{"href":"https:\/\/elluchador.info\/index.php?rest_route=%2Fwp%2Fv2%2Fmedia&parent=255307"}],"wp:term":[{"taxonomy":"category","embeddable":true,"href":"https:\/\/elluchador.info\/index.php?rest_route=%2Fwp%2Fv2%2Fcategories&post=255307"},{"taxonomy":"post_tag","embeddable":true,"href":"https:\/\/elluchador.info\/index.php?rest_route=%2Fwp%2Fv2%2Ftags&post=255307"}],"curies":[{"name":"wp","href":"https:\/\/api.w.org\/{rel}","templated":true}]}}