{"id":255316,"date":"2024-11-02T12:12:11","date_gmt":"2024-11-02T16:12:11","guid":{"rendered":"https:\/\/elluchador.info\/?p=255316"},"modified":"2024-11-02T12:12:15","modified_gmt":"2024-11-02T16:12:15","slug":"julio-castro-tuberculosis-y-malaria-una-amenaza-latente-para-la-salud-publica-en-venezuela","status":"publish","type":"post","link":"https:\/\/elluchador.info\/?p=255316","title":{"rendered":"Julio Castro: tuberculosis y malaria, una amenaza latente para la salud p\u00fablica en Venezuela"},"content":{"rendered":"\n<p>El m\u00e9dico infect\u00f3logo, Julio Castro expres\u00f3 que la tuberculosis, malaria y dengue todav\u00eda se perfilan como una amenaza en Venezuela.<\/p>\n\n\n\n<p>La salud p\u00fablica no depende solamente de los m\u00e9dicos sino de un entendimiento m\u00e1s amplio de los sociol\u00f3gicos y antropol\u00f3gicos que afectan a la poblaci\u00f3n venezolana, acot\u00f3 durante la instalaci\u00f3n de las VII Jornadas de Investigaci\u00f3n de la Universidad Cat\u00f3lica Andr\u00e9s Bello (UCAB) y el Centro de Salud Santa In\u00e9s, este 30 de octubre, rese\u00f1a Cr\u00f3nica Uno.<\/p>\n\n\n\n<p>\u201cTenemos m\u00e1s gente con tuberculosis\u201d, y el problema se agrava por las dificultades en el diagn\u00f3stico y tratamiento en el sistema de salud p\u00fablica de Venezuela, sumergida en un contexto de crisis desde hace al menos 10 a\u00f1os, dijo el galeno.<\/p>\n\n\n\n<p>En el pa\u00eds, entre los a\u00f1os 2014 y 2016, los casos de tuberculosis aumentaron 50 %, seg\u00fan el Ministerio de Salud. Estas son las \u00faltimas cifras oficiales publicadas.<\/p>\n\n\n\n<p>Respecto a la malaria, el m\u00e9dico especialista, enfatiz\u00f3 que la situaci\u00f3n en l pa\u00eds es cr\u00edtica. \u201cLa malaria no se va a resolver con antimal\u00e1ricos\u201d al explicar que la enfermedad est\u00e1 profundamente ligada a la extracci\u00f3n irregular de oro en las zonas afectadas, forma un contexto antropol\u00f3gico y hasta que no se resuelva, estar\u00e1 presente la malaria.<\/p>\n\n\n\n<p>Venezuela tiene el peor desempe\u00f1o del mundo con relaci\u00f3n a la lucha contra la malaria. \u201cY no se debe a razones de tratamiento, sino a razones sociol\u00f3gicas\u201d. Es clave la investigaci\u00f3n al respecto.<\/p>\n\n\n\n<p><strong>Comunicaci\u00f3n efectiva<\/strong><\/p>\n\n\n\n<p>El doctor Castro fue claro y enf\u00e1tico: \u201clas enfermedades infecciosas no se han acabado y no se van a acabar, por una raz\u00f3n simple: son la expresi\u00f3n de la relaci\u00f3n del ser humano con el medio ambiente. Y eso cada vez est\u00e1 peor\u201d.<\/p>\n\n\n\n<p>La informaci\u00f3n, la comunicaci\u00f3n es importa, \u00bfExiste mayor capacidad de llamar a las madres para que vayan a vacunar a sus hijos que antes de la pandemia?\u201d. Y se respondi\u00f3 a s\u00ed mismo: \u201cno\u201d.<\/p>\n\n\n\n<p>El experto enfatiz\u00f3 que para resolverlo primero hay que entender que los m\u00e9todos de comunicaci\u00f3n han cambiado dr\u00e1sticamente. \u201cEse problema probablemente lo saben resolver quienes entienden c\u00f3mo funciona TikTok\u201d, sugiri\u00f3.<\/p>\n\n\n\n<p>Subray\u00f3 que, en el mundo, pese a contar con informaci\u00f3n y estrategias claras durante la pandemia de Covid-19, la manera de comunicar estos mensajes no fue suficiente.<\/p>\n\n\n\n<p>Por ejemplo, la disminuci\u00f3n en las tasas de vacunaci\u00f3n a escala mundial es un fen\u00f3meno que Castro atribuye, en parte, a la falta de comunicaci\u00f3n efectiva entre el conocimiento m\u00e9dico y la poblaci\u00f3n general.<\/p>\n\n\n\n<p>\u201cTenemos que ir m\u00e1s all\u00e1. Las epidemias que en el futuro seguramente nos van a afectar tienen un componente que va m\u00e1s all\u00e1 de lo estrictamente m\u00e9dico\u201d, insisti\u00f3 el m\u00e9dico.<\/p>\n\n\n\n<p><strong>Posibles pandemias<\/strong><\/p>\n\n\n\n<p>El m\u00e9dico advirti\u00f3 sobre potenciales pandemias futuras, apuntando a la influenza aviar y otras zoonosis. \u201cCuando hablo de un gran problema, me refiero a la magnitud de un nuevo brote que podr\u00eda surgir\u201d, afirm\u00f3. En este contexto, mencion\u00f3 la importancia de estar alertas ante la posible transmisi\u00f3n de virus de animales a humanos.<\/p>\n\n\n\n<p>El calentamiento global y la expansi\u00f3n de vectores como el dengue y el chikungunya son otros factores que preocupan a Castro. \u201cEl \u00e1rea de distribuci\u00f3n de estos virus ha aumentado, llegando incluso a regiones no tropicales\u201d, advirti\u00f3.<\/p>\n\n\n\n<p>Con informaci\u00f3n <strong><em><mark style=\"background-color:rgba(0, 0, 0, 0)\" class=\"has-inline-color has-pale-cyan-blue-color\">El Informador<\/mark><\/em><\/strong><\/p>\n","protected":false},"excerpt":{"rendered":"<p>El m\u00e9dico infect\u00f3logo, Julio Castro expres\u00f3 que la tuberculosis, malaria y dengue todav\u00eda se perfilan como una amenaza en Venezuela. La salud p\u00fablica no depende solamente de los m\u00e9dicos sino de un entendimiento m\u00e1s amplio de los sociol\u00f3gicos y antropol\u00f3gicos que afectan a la poblaci\u00f3n venezolana, acot\u00f3 durante la instalaci\u00f3n de las VII Jornadas de [&hellip;]<\/p>\n","protected":false},"author":33,"featured_media":255317,"comment_status":"closed","ping_status":"closed","sticky":false,"template":"","format":"standard","meta":{"footnotes":""},"categories":[19],"tags":[1063,105],"class_list":{"0":"post-255316","1":"post","2":"type-post","3":"status-publish","4":"format-standard","5":"has-post-thumbnail","7":"category-salud","8":"tag-malaria","9":"tag-venezuela"},"_links":{"self":[{"href":"https:\/\/elluchador.info\/index.php?rest_route=\/wp\/v2\/posts\/255316","targetHints":{"allow":["GET"]}}],"collection":[{"href":"https:\/\/elluchador.info\/index.php?rest_route=\/wp\/v2\/posts"}],"about":[{"href":"https:\/\/elluchador.info\/index.php?rest_route=\/wp\/v2\/types\/post"}],"author":[{"embeddable":true,"href":"https:\/\/elluchador.info\/index.php?rest_route=\/wp\/v2\/users\/33"}],"replies":[{"embeddable":true,"href":"https:\/\/elluchador.info\/index.php?rest_route=%2Fwp%2Fv2%2Fcomments&post=255316"}],"version-history":[{"count":1,"href":"https:\/\/elluchador.info\/index.php?rest_route=\/wp\/v2\/posts\/255316\/revisions"}],"predecessor-version":[{"id":255318,"href":"https:\/\/elluchador.info\/index.php?rest_route=\/wp\/v2\/posts\/255316\/revisions\/255318"}],"wp:featuredmedia":[{"embeddable":true,"href":"https:\/\/elluchador.info\/index.php?rest_route=\/wp\/v2\/media\/255317"}],"wp:attachment":[{"href":"https:\/\/elluchador.info\/index.php?rest_route=%2Fwp%2Fv2%2Fmedia&parent=255316"}],"wp:term":[{"taxonomy":"category","embeddable":true,"href":"https:\/\/elluchador.info\/index.php?rest_route=%2Fwp%2Fv2%2Fcategories&post=255316"},{"taxonomy":"post_tag","embeddable":true,"href":"https:\/\/elluchador.info\/index.php?rest_route=%2Fwp%2Fv2%2Ftags&post=255316"}],"curies":[{"name":"wp","href":"https:\/\/api.w.org\/{rel}","templated":true}]}}