{"id":255347,"date":"2024-11-02T14:57:03","date_gmt":"2024-11-02T18:57:03","guid":{"rendered":"https:\/\/elluchador.info\/?p=255347"},"modified":"2024-11-02T14:59:55","modified_gmt":"2024-11-02T18:59:55","slug":"cvg-realizo-encendido-navideno-en-puerto-ordaz","status":"publish","type":"post","link":"https:\/\/elluchador.info\/?p=255347","title":{"rendered":"CVG realiz\u00f3 encendido navide\u00f1o en Puerto Ordaz"},"content":{"rendered":"\n<p>Una vez m\u00e1s, el esp\u00edritu de la Navidad ilumin\u00f3 a Puerto Ordaz, esta vez con un espect\u00e1culo de luces que transform\u00f3 la ic\u00f3nica Plaza de la Navidad, la plaza de las Banderas y el edificio sede de la Corporaci\u00f3n Venezolana de Guayana (CVG) en un m\u00e1gico escenario de alegr\u00eda y esperanza.<\/p>\n\n\n<div class=\"wp-block-image\">\n<figure class=\"alignleft\"><img decoding=\"async\" src=\"https:\/\/primicia.com.ve\/wp-content\/uploads\/2024\/11\/IMG_20241102_121030_612-240x300.jpg\" alt=\"\"\/><\/figure>\n<\/div>\n\n\n<div class=\"wp-block-group is-nowrap is-layout-flex wp-container-core-group-is-layout-ad2f72ca wp-block-group-is-layout-flex\">\n<p>En una noche que quedar\u00e1 en la memoria de todos los guayaneses, las luces navide\u00f1as encendieron la emoci\u00f3n del p\u00fablico, llenando el cielo con coloridos fuegos artificiales y el aire con los acordes de la m\u00fasica decembrina.<\/p>\n<\/div>\n\n\n\n<p>El evento reuni\u00f3 a trabajadores, familias, ni\u00f1os y autoridades locales, quienes se congregaron para celebrar el inicio de una de las \u00e9pocas m\u00e1s esperadas del a\u00f1o.<\/p>\n\n\n\n<p>La m\u00fasica tradicional venezolana y el ambiente festivo crearon un momento inolvidable para todos los presentes.<\/p>\n\n\n\n<p>Junto al pueblo trabajador estuvieron figuras clave, como el ministro y presidente de la CVG, H\u00e9ctor Silva, y los alcaldes de Caron\u00ed y Angostura del Orinoco, Tito Oviedo y Sergio Hern\u00e1ndez, quienes compartieron su emoci\u00f3n junto a la junta interventora de la corporaci\u00f3n.<\/p>\n\n\n\n<div class=\"wp-block-group is-nowrap is-layout-flex wp-container-core-group-is-layout-ad2f72ca wp-block-group-is-layout-flex\">\n<p>En su discurso, Silva expres\u00f3 su alegr\u00eda por lo que calific\u00f3 como una noche de uni\u00f3n y esperanza: \u201cHoy, m\u00e1s que nunca, encendemos no solo luces, sino la fuerza de la comunidad guayanesa y el compromiso de seguir construyendo un futuro mejor para todos de la mano del presidente Nicol\u00e1s Maduro quien est\u00e1 noche env\u00eda un mensaje de uni\u00f3n, paz y esperanza\u201d.<\/p>\n<\/div>\n\n\n<div class=\"wp-block-image\">\n<figure class=\"alignright size-large is-resized\"><img loading=\"lazy\" decoding=\"async\" width=\"819\" height=\"1024\" src=\"https:\/\/elluchador.info\/wp-content\/uploads\/2024\/11\/IMG_20241102_121031_205-819x1024.jpg\" alt=\"\" class=\"wp-image-255351\" style=\"width:246px;height:auto\" srcset=\"https:\/\/elluchador.info\/wp-content\/uploads\/2024\/11\/IMG_20241102_121031_205-819x1024.jpg 819w, https:\/\/elluchador.info\/wp-content\/uploads\/2024\/11\/IMG_20241102_121031_205-240x300.jpg 240w, https:\/\/elluchador.info\/wp-content\/uploads\/2024\/11\/IMG_20241102_121031_205-768x960.jpg 768w, https:\/\/elluchador.info\/wp-content\/uploads\/2024\/11\/IMG_20241102_121031_205-150x188.jpg 150w, https:\/\/elluchador.info\/wp-content\/uploads\/2024\/11\/IMG_20241102_121031_205-300x375.jpg 300w, https:\/\/elluchador.info\/wp-content\/uploads\/2024\/11\/IMG_20241102_121031_205-696x870.jpg 696w, https:\/\/elluchador.info\/wp-content\/uploads\/2024\/11\/IMG_20241102_121031_205.jpg 1024w\" sizes=\"auto, (max-width: 819px) 100vw, 819px\" \/><\/figure>\n<\/div>\n\n\n<p>El talento nacional y local brill\u00f3 en el escenario, logrando que el p\u00fablico vibrar\u00e1 al ritmo de los m\u00e1s queridos temas navide\u00f1os.<\/p>\n\n\n<div class=\"wp-block-image\">\n<figure class=\"alignleft\"><img decoding=\"async\" src=\"https:\/\/primicia.com.ve\/wp-content\/uploads\/2024\/11\/IMG_20241102_121030_321-240x300.jpg\" alt=\"\"\/><\/figure>\n<\/div>\n\n\n<p>La legendaria agrupaci\u00f3n de gaitas Rinc\u00f3n Morales puso a bailar a los presentes con sus cl\u00e1sicos, mientras que el cantante Omar Acedo llev\u00f3 la energ\u00eda de la noche al m\u00e1ximo, uniendo generaciones al ritmo de sus \u00e9xitos.<\/p>\n\n\n\n<p>La CVG reafirma su compromiso de mantener viva la esencia de la Navidad, ofreciendo este espect\u00e1culo como s\u00edmbolo de paz y uni\u00f3n para la regi\u00f3n.<\/p>\n\n\n\n<p>Los asistentes, emocionados, disfrutaron de una velada m\u00e1gica que promete ser el inicio de muchas m\u00e1s celebraciones, como la tan esperada edici\u00f3n n\u00famero 43 de los juegos deportivos Interempresas de Guayana que tendr\u00e1n inicio el pr\u00f3ximo 15 de noviembre.<\/p>\n\n\n\n<figure class=\"wp-block-image\"><img decoding=\"async\" src=\"https:\/\/primicia.com.ve\/wp-content\/uploads\/2024\/11\/IMG_20241102_121030_675.jpg\" alt=\"\"\/><\/figure>\n\n\n\n<h6 class=\"wp-block-heading\"><strong><em>Prensa CVG<\/em><\/strong><\/h6>\n","protected":false},"excerpt":{"rendered":"<p>Una vez m\u00e1s, el esp\u00edritu de la Navidad ilumin\u00f3 a Puerto Ordaz, esta vez con un espect\u00e1culo de luces que transform\u00f3 la ic\u00f3nica Plaza de la Navidad, la plaza de las Banderas y el edificio sede de la Corporaci\u00f3n Venezolana de Guayana (CVG) en un m\u00e1gico escenario de alegr\u00eda y esperanza. En una noche que [&hellip;]<\/p>\n","protected":false},"author":2,"featured_media":255348,"comment_status":"closed","ping_status":"closed","sticky":false,"template":"","format":"standard","meta":{"footnotes":""},"categories":[12],"tags":[],"class_list":{"0":"post-255347","1":"post","2":"type-post","3":"status-publish","4":"format-standard","5":"has-post-thumbnail","7":"category-regionales"},"_links":{"self":[{"href":"https:\/\/elluchador.info\/index.php?rest_route=\/wp\/v2\/posts\/255347","targetHints":{"allow":["GET"]}}],"collection":[{"href":"https:\/\/elluchador.info\/index.php?rest_route=\/wp\/v2\/posts"}],"about":[{"href":"https:\/\/elluchador.info\/index.php?rest_route=\/wp\/v2\/types\/post"}],"author":[{"embeddable":true,"href":"https:\/\/elluchador.info\/index.php?rest_route=\/wp\/v2\/users\/2"}],"replies":[{"embeddable":true,"href":"https:\/\/elluchador.info\/index.php?rest_route=%2Fwp%2Fv2%2Fcomments&post=255347"}],"version-history":[{"count":3,"href":"https:\/\/elluchador.info\/index.php?rest_route=\/wp\/v2\/posts\/255347\/revisions"}],"predecessor-version":[{"id":255352,"href":"https:\/\/elluchador.info\/index.php?rest_route=\/wp\/v2\/posts\/255347\/revisions\/255352"}],"wp:featuredmedia":[{"embeddable":true,"href":"https:\/\/elluchador.info\/index.php?rest_route=\/wp\/v2\/media\/255348"}],"wp:attachment":[{"href":"https:\/\/elluchador.info\/index.php?rest_route=%2Fwp%2Fv2%2Fmedia&parent=255347"}],"wp:term":[{"taxonomy":"category","embeddable":true,"href":"https:\/\/elluchador.info\/index.php?rest_route=%2Fwp%2Fv2%2Fcategories&post=255347"},{"taxonomy":"post_tag","embeddable":true,"href":"https:\/\/elluchador.info\/index.php?rest_route=%2Fwp%2Fv2%2Ftags&post=255347"}],"curies":[{"name":"wp","href":"https:\/\/api.w.org\/{rel}","templated":true}]}}