{"id":255365,"date":"2024-11-02T16:22:56","date_gmt":"2024-11-02T20:22:56","guid":{"rendered":"https:\/\/elluchador.info\/?p=255365"},"modified":"2024-11-02T16:23:00","modified_gmt":"2024-11-02T20:23:00","slug":"conoce-por-que-algunos-sabores-nos-recuerdan-a-nuestra-infancia","status":"publish","type":"post","link":"https:\/\/elluchador.info\/?p=255365","title":{"rendered":"Conoce por qu\u00e9 algunos sabores nos recuerdan a nuestra infancia"},"content":{"rendered":"\n<p>\u25cf Los recuerdos ligados a la comida son intensos debido a su conexi\u00f3n con los sentidos del gusto y el olfato.<\/p>\n\n\n\n<p>\u25cf El&nbsp;<strong>bulbo olfatorio<\/strong>&nbsp;tiene un acceso directo al sistema l\u00edmbico, responsable de la memoria y las emociones.<\/p>\n\n\n\n<p>\u25cf El sentido del olfato provoca respuestas emocionales r\u00e1pidas, superando a otros est\u00edmulos sensoriales.<\/p>\n\n\n\n<p><strong>Lo esencial<\/strong>: los sabores y olores activan una red neuronal que incluye la&nbsp;<strong>am\u00edgdala<\/strong>&nbsp;y el&nbsp;<strong>hipocampo<\/strong>, lo que permite la evocaci\u00f3n de recuerdos detallados y emocionalmente cargados. Esta reacci\u00f3n se debe a la proximidad del bulbo olfatorio a las \u00e1reas cerebrales vinculadas con la memoria. Por eso, un plato familiar puede transportarnos instant\u00e1neamente a nuestra infancia, generando nostalgia y emociones vivaces.<\/p>\n\n\n\n<p><strong>Por qu\u00e9 importa<\/strong>: comprender esta conexi\u00f3n tiene aplicaciones terap\u00e9uticas y podr\u00eda potenciar el uso de est\u00edmulos sensoriales en el tratamiento de trastornos emocionales y en la mejora del bienestar personal.<\/p>\n\n\n\n<p>Los\u00a0<strong>sabores<\/strong>\u00a0tienen el poder de llevarnos a distintos lugares y tambi\u00e9n a momentos especiales. Por ejemplo, de vuelta a\u00a0<strong>nuestra infancia<\/strong>, como a la<strong>\u00a0cocina de la abuela\u00a0<\/strong>o las recetas de mam\u00e1, rodeados de aromas familiares y risas. Un simple bocado puede desatar un torrente de\u00a0<strong>recuerdos<\/strong>\u00a0que despiertan emociones dormidas, desde la seguridad de un plato casero hasta la alegr\u00eda de un postre especial. Esta conexi\u00f3n entre\u00a0<strong>comida<\/strong>\u00a0y\u00a0<strong>memoria<\/strong>\u00a0encuentra sus ra\u00edces en c\u00f3mo el\u00a0<strong>cerebro<\/strong>\u00a0almacena las experiencias sensoriales.<\/p>\n\n\n\n<p>El secreto de esta poderosa conexi\u00f3n est\u00e1 en el&nbsp;<strong>bulbo olfatorio<\/strong>, ubicado muy cerca de las \u00e1reas del cerebro que manejan la&nbsp;<strong>memoria y las emociones<\/strong>. A diferencia de otros sentidos, el&nbsp;<strong>gusto y el olfato<\/strong>&nbsp;tienen un camino directo al<strong>&nbsp;sistema l\u00edmbico<\/strong>,&nbsp;<strong>la parte del cerebro donde se guardan los recuerdos m\u00e1s profundos<\/strong>. Por eso, basta con que una sopa reci\u00e9n hecha, milanesas, guisos o el sabor de un dulce t\u00edpico nos roce el paladar para que, de repente, estemos de vuelta en la infancia, rodeados de momentos y sensaciones que cre\u00edamos olvidados.<\/p>\n\n\n\n<p>Este fen\u00f3meno es com\u00fan y se debe a la forma en que nuestro cerebro procesa la comida y los recuerdos asociados a ella, haci\u00e9ndolos m\u00e1s intensos y duraderos que otros tipos de memorias.<\/p>\n\n\n\n<h2 class=\"wp-block-heading\">La ciencia detr\u00e1s de los sabores que nos devuelven al pasado<\/h2>\n\n\n\n<p>Un plato de pastas, un postre \u00fanico y el toque \u00fanico del cari\u00f1o hacen de los recuerdos ligados a la comida como uno de los m\u00e1s memorables. En di\u00e1logo con&nbsp;<strong>Infobae<\/strong>,&nbsp;<strong>Claudio Waisburg<\/strong>, (MN 98128), m\u00e9dico y neurocient\u00edfico, director del Instituto SOMA y ex jefe de Neurolog\u00eda Infantojuvenil de Ineco, dice que el&nbsp;<strong>gusto<\/strong>&nbsp;y el<strong>&nbsp;olfato est\u00e1n estrechamente relacionados para entender esta cuesti\u00f3n&nbsp;<\/strong>y que ambos&nbsp;<strong>juegan un papel fundamental en la evocaci\u00f3n de recuerdos.<\/strong><\/p>\n\n\n\n<p>Sin embargo, subraya que, aunque el gusto es importante, el olfato es decisivo.<strong>&nbsp;\u201cEl sentido del olfato es, efectivamente, m\u00e1s poderoso que el del gusto en varios aspectos.<\/strong>&nbsp;Desde la&nbsp;<strong>neurociencia<\/strong>, sabemos que el olfato y el gusto est\u00e1n interrelacionados, pero el olfato tiene una conexi\u00f3n m\u00e1s directa y profunda con el sistema l\u00edmbico, especialmente con la am\u00edgdala y el hipocampo, \u00e1reas del cerebro vinculadas a las emociones y la memoria\u201d, explica Waisburg.<\/p>\n\n\n\n<p>Este acceso directo del olfato al<strong>\u00a0sistema l\u00edmbico<\/strong>, se\u00f1ala Waisburg, es \u201cmenos filtrado que el de otros sentidos y permite que los olores activen, de inmediato, respuestas emocionales y recuerdos\u201d. Esta singularidad hace que los olores sean capaces de evocar memorias de una forma r\u00e1pida y vivaz, superando a otros est\u00edmulos sensoriales.<\/p>\n\n\n\n<p>En otras palabras, los sabores y los olores acceden al sistema l\u00edmbico sin pasar por el&nbsp;<strong>t\u00e1lamo<\/strong>, lo que permite una<strong>&nbsp;reacci\u00f3n inmediata<\/strong>. Esta conexi\u00f3n directa provoca respuestas emocionales intensas, haciendo que los recuerdos asociados a los sabores sean m\u00e1s v\u00edvidos y detallados que los generados por otros sentidos.<\/p>\n\n\n\n<p>El papel del gusto se reconoce en la creaci\u00f3n de experiencias sensoriales completas, pero es la combinaci\u00f3n con el olfato lo que refuerza significativamente la evocaci\u00f3n de memorias detalladas y emocionalmente intensas.<\/p>\n\n\n\n<p>El sistema olfativo humano tiene m\u00e1s de\u00a0<strong>12 millones de receptores<\/strong>\u00a0en la nariz y la cavidad nasal, que capturan mol\u00e9culas de olor y env\u00edan se\u00f1ales al\u00a0<strong>bulbo olfatorio<\/strong>\u00a0para su procesamiento. Con 450 tipos de receptores distintos, el olfato puede percibir millones de combinaciones de mol\u00e9culas, permitiendo distinguir entre, por ejemplo, una salsa comercial y la receta casera de la abuela.<\/p>\n\n\n\n<p>Seg\u00fan&nbsp;<strong>Susan Whitbourne<\/strong>, profesora de psicolog\u00eda de la&nbsp;<strong>Universidad de Massachusetts<\/strong>&nbsp;dijo a&nbsp;<em>The HuffPost<\/em>, \u201cla memoria de la comida es m\u00e1s sensorial que otros recuerdos porque&nbsp;<strong>involucra los cinco sentidos<\/strong>\u201d.<\/p>\n\n\n\n<p>\u201cLos recuerdos de la comida provocan mucha&nbsp;<strong>nostalgia<\/strong>&nbsp;porque existe todo ese contexto del lugar donde se prepara o se come, as\u00ed la comida se convierte en algo simb\u00f3lico, con otro significado\u201d, a\u00f1adi\u00f3 Whitbourne. \u201cMuchos de nuestros recuerdos como ni\u00f1os no son tanto la tarta de manzana, por ejemplo, sino<strong>&nbsp;la experiencia completa de ser parte de una familia, o del ser cuidado con cari\u00f1o, que le a\u00f1aden un significado adicional a la cualidad sensorial\u201d.<\/strong><\/p>\n\n\n\n<p>Mientras que otros tipos de recuerdos pueden involucrar uno o dos sentidos, la comida estimula el gusto, el olfato, la vista, el tacto e incluso el o\u00eddo, como el sonido de una c\u00e1scara crujiente o el chisporroteo de la comida al cocinarse. Esta sinergia sensorial crea una experiencia m\u00e1s v\u00edvida y f\u00e1cilmente recuperable.<\/p>\n\n\n\n<h3 class=\"wp-block-heading\">C\u00f3mo el cerebro asocia sabores y emociones desde la infancia<\/h3>\n\n\n\n<p>Desde la infancia, ciertos sabores tienen la capacidad de transportarnos al pasado, despertando recuerdos y emociones que permanecen latentes en nuestra memoria. Pero, \u00bfc\u00f3mo sucede? \u00bfQu\u00e9 mecanismos se activan?<\/p>\n\n\n\n<p>\u201cCuando probamos sabores que com\u00edamos en la infancia, se&nbsp;<strong>activa una red neuronal que involucra al hipocampo<\/strong>&nbsp;\u2015clave en la formaci\u00f3n de recuerdos\u2015 y la&nbsp;<strong>corteza entorrinal<\/strong>, \u00e1reas del cerebro que preservan memorias espec\u00edficas, especialmente las que tienen una fuerte carga emocional\u201d, apunta Waisburg.<\/p>\n\n\n\n<p>El neurocient\u00edfico consultado por\u00a0<strong>Infobae<\/strong>\u00a0explica que la asociaci\u00f3n entre sabores y recuerdos de la infancia se debe a mecanismos cerebrales donde la\u00a0<strong>am\u00edgdala<\/strong>\u00a0conecta las emociones con los est\u00edmulos sensoriales, y el\u00a0<strong>hipocampo<\/strong>\u00a0se encarga de almacenar esos recuerdos emocionales.<\/p>\n\n\n\n<p>Dado que los sabores suelen asociarse a experiencias emocionalmente significativas, como una comida familiar, la am\u00edgdala fortalece estos recuerdos. As\u00ed, al percibir un sabor similar, se activa la red neuronal correspondiente, evocando im\u00e1genes y sensaciones de la infancia. Y agrega: \u201cLa conexi\u00f3n entre sabores y recuerdos est\u00e1 profundamente relacionada con la\u00a0<strong>memoria epis\u00f3dica<\/strong>, que es responsable de almacenar recuerdos personales y experiencias\u201d.<\/p>\n\n\n\n<p>Seg\u00fan los expertos de&nbsp;<em>The Mayo Clinic<\/em>, la&nbsp;<strong>memoria epis\u00f3dica<\/strong>&nbsp;se refiere a la capacidad de recordar experiencias y eventos espec\u00edficos. Estos recuerdos pueden variar de una persona a otra, incluso si compartieron la misma experiencia. Los detalles asociados con la memoria epis\u00f3dica suelen incluir aspectos como emociones, tiempo y lugar.<\/p>\n\n\n\n<p>El psic\u00f3logo y neurocient\u00edfico&nbsp;<strong>Hadley Bergstrom<\/strong>, profesor asistente de psicolog\u00eda en Vassar, dijo a&nbsp;<em>The Huffpost<\/em>&nbsp;que \u201cla memoria del gusto tiende a ser la m\u00e1s fuerte de las memorias asociativas\u201d.<\/p>\n\n\n\n<h2 class=\"wp-block-heading\">Recuerdos intensos y sabrosos toda la vida<\/h2>\n\n\n\n<p>\u00bfCu\u00e1ndo se forman estos recuerdos? Los\u00a0<strong>recuerdos clave que definen la identidad\u00a0<\/strong>relacionados con la comida son una parte esencial de la memoria autobiogr\u00e1fica, que se forma a lo largo de la vida y refleja momentos clave de desarrollo personal. Un\u00a0estudio\u00a0muestra que los\u00a0<strong>recuerdos autodefinitorios<\/strong>\u00a0relacionados con la comida\u00a0<strong>surgen en distintos momentos de la vida<\/strong>, desde la infancia hasta la vejez.<\/p>\n\n\n\n<p>Los recuerdos de la&nbsp;<strong>ni\u00f1ez suelen evocar momentos familiares felices<\/strong>, mientras que los de la&nbsp;<strong>juventud<\/strong>&nbsp;est\u00e1n m\u00e1s vinculados a experiencias de identidad, como primeras veces.<\/p>\n\n\n\n<p>En la\u00a0<strong>adultez<\/strong>, estos recuerdos tienden a centrarse en eventos importantes como el nacimiento de un hijo o hitos profesionales. En la vejez, los recuerdos m\u00e1s comunes se relacionan con ser abuelos o la jubilaci\u00f3n, reflejando las etapas del desarrollo psicosocial de\u00a0<strong>Erik Erikson<\/strong>, que incluyen la confianza y la autonom\u00eda en la ni\u00f1ez, la intimidad en la juventud y la integridad en la vejez.<\/p>\n\n\n\n<p>El estudio tambi\u00e9n confirma que la mayor parte de estos&nbsp;<strong>recuerdos<\/strong>&nbsp;en adultos mayores se codifica durante la adultez, superando el 45%. Este hallazgo es significativo, ya que contrasta con la tendencia de los adultos mayores a recordar m\u00e1s su juventud, un fen\u00f3meno conocido como el&nbsp;<strong>bache de la reminiscencia<\/strong>.<\/p>\n\n\n\n<p>Aunque investigaciones previas muestran que los recuerdos autobiogr\u00e1ficos suelen concentrarse en la juventud, este nuevo an\u00e1lisis subraya la importancia de la adultez como un per\u00edodo clave para formar memorias autodefinitorias, especialmente aquellas relacionadas con la comida, que refuerzan el sentido de identidad en la vejez.<\/p>\n\n\n\n<p>En otro\u00a0estudio\u00a0en Francia, se investig\u00f3 c\u00f3mo los diferentes sentidos afectan la\u00a0<strong>memoria autobiogr\u00e1fica<\/strong>. Los investigadores descubrieron que tanto el gusto como el olfato tienen un impacto \u00fanico en la evocaci\u00f3n de recuerdos, que destacan por ser m\u00e1s emocionales y menos comunes que los recuerdos visuales o auditivos.<\/p>\n\n\n\n<p>A pesar de que estos recuerdos suelen ser menos detallados y m\u00e1s dif\u00edciles de recuperar, mostraron un potencial particular para desenterrar memorias olvidadas, especialmente de la infancia. Esto se debe a la conexi\u00f3n profunda de estos sentidos con el sistema l\u00edmbico del cerebro, responsable de las emociones y la memoria.<\/p>\n\n\n\n<p>El estudio se\u00f1al\u00f3 que los recuerdos desencadenados por sabores y olores eran m\u00e1s propensos a ser viejos y emocionalmente intensos, coincidiendo con el llamado\u00a0<strong>efecto Proust<\/strong>. Esta investigaci\u00f3n reafirma la importancia de los est\u00edmulos sensoriales en la memoria, sugiriendo que el uso de se\u00f1ales personalizadas puede mejorar la recuperaci\u00f3n de recuerdos autobiogr\u00e1ficos, especialmente en contextos terap\u00e9uticos o cl\u00ednicos.<\/p>\n\n\n\n<p>En esa misma l\u00ednea, la\u00a0revisi\u00f3n\u00a0de los investigadores\u00a0<strong>Jeffrey D. Green<\/strong>,\u00a0<strong>Chelsea A. Reid<\/strong>,\u00a0<strong>Margaret A. Kneuer<\/strong>\u00a0y\u00a0<strong>Mattie V. Hedgebeth<\/strong>\u00a0analizaron por qu\u00e9 los recuerdos provocados por el gusto y el olfato son especialmente potentes y relevantes para la identidad personal.<\/p>\n\n\n\n<p>La investigaci\u00f3n abord\u00f3 los fundamentos fisiol\u00f3gicos, neurol\u00f3gicos y psicol\u00f3gicos que explican por qu\u00e9 estos recuerdos evocan emociones positivas m\u00e1s intensas que las provocadas por otros est\u00edmulos.<\/p>\n\n\n\n<p>Los recuerdos inducidos por aromas y sabores no solo tienen un perfil emocional m\u00e1s favorable, sino que tambi\u00e9n ofrecen&nbsp;<strong>beneficios psicol\u00f3gicos<\/strong>, como una&nbsp;<strong>mayor autoestima<\/strong>, un&nbsp;<strong>sentido de conexi\u00f3n social<\/strong>&nbsp;y un&nbsp;<strong>significado m\u00e1s profundo en la vida<\/strong>. La investigaci\u00f3n destac\u00f3 que la nostalgia evocada por la comida y los olores posee su potencial uso en contextos cl\u00ednicos.<\/p>\n\n\n\n<p><em><strong>Con informaci\u00f3n de Infobae.<\/strong><\/em><\/p>\n","protected":false},"excerpt":{"rendered":"<p>\u25cf Los recuerdos ligados a la comida son intensos debido a su conexi\u00f3n con los sentidos del gusto y el olfato. \u25cf El&nbsp;bulbo olfatorio&nbsp;tiene un acceso directo al sistema l\u00edmbico, responsable de la memoria y las emociones. \u25cf El sentido del olfato provoca respuestas emocionales r\u00e1pidas, superando a otros est\u00edmulos sensoriales. Lo esencial: los sabores [&hellip;]<\/p>\n","protected":false},"author":2,"featured_media":255366,"comment_status":"closed","ping_status":"closed","sticky":false,"template":"","format":"standard","meta":{"footnotes":""},"categories":[3],"tags":[],"class_list":{"0":"post-255365","1":"post","2":"type-post","3":"status-publish","4":"format-standard","5":"has-post-thumbnail","7":"category-curiosidades"},"_links":{"self":[{"href":"https:\/\/elluchador.info\/index.php?rest_route=\/wp\/v2\/posts\/255365","targetHints":{"allow":["GET"]}}],"collection":[{"href":"https:\/\/elluchador.info\/index.php?rest_route=\/wp\/v2\/posts"}],"about":[{"href":"https:\/\/elluchador.info\/index.php?rest_route=\/wp\/v2\/types\/post"}],"author":[{"embeddable":true,"href":"https:\/\/elluchador.info\/index.php?rest_route=\/wp\/v2\/users\/2"}],"replies":[{"embeddable":true,"href":"https:\/\/elluchador.info\/index.php?rest_route=%2Fwp%2Fv2%2Fcomments&post=255365"}],"version-history":[{"count":1,"href":"https:\/\/elluchador.info\/index.php?rest_route=\/wp\/v2\/posts\/255365\/revisions"}],"predecessor-version":[{"id":255367,"href":"https:\/\/elluchador.info\/index.php?rest_route=\/wp\/v2\/posts\/255365\/revisions\/255367"}],"wp:featuredmedia":[{"embeddable":true,"href":"https:\/\/elluchador.info\/index.php?rest_route=\/wp\/v2\/media\/255366"}],"wp:attachment":[{"href":"https:\/\/elluchador.info\/index.php?rest_route=%2Fwp%2Fv2%2Fmedia&parent=255365"}],"wp:term":[{"taxonomy":"category","embeddable":true,"href":"https:\/\/elluchador.info\/index.php?rest_route=%2Fwp%2Fv2%2Fcategories&post=255365"},{"taxonomy":"post_tag","embeddable":true,"href":"https:\/\/elluchador.info\/index.php?rest_route=%2Fwp%2Fv2%2Ftags&post=255365"}],"curies":[{"name":"wp","href":"https:\/\/api.w.org\/{rel}","templated":true}]}}