{"id":255398,"date":"2024-11-03T09:02:05","date_gmt":"2024-11-03T13:02:05","guid":{"rendered":"https:\/\/elluchador.info\/?p=255398"},"modified":"2024-11-03T09:02:10","modified_gmt":"2024-11-03T13:02:10","slug":"familias-de-angostura-del-orinoco-disfrutaron-de-la-retreta-cultural","status":"publish","type":"post","link":"https:\/\/elluchador.info\/?p=255398","title":{"rendered":"Familias de Angostura del Orinoco disfrutaron de la Retreta Cultural\u00a0"},"content":{"rendered":"\n<p>La gesti\u00f3n cultural del gobernador \u00c1ngel Marcano llen\u00f3 la plaza Bol\u00edvar de Ciudad Bol\u00edvar de alegr\u00eda, m\u00fasica, luces, color y un ambiente navide\u00f1o con La Retreta Cultural, en el marco de las Navidades Felices 2024 decretadas por el presidente Nicol\u00e1s Maduro.<\/p>\n\n\n\n<p>La inolvidable velada inici\u00f3 con la participaci\u00f3n de la Banda de Conciertos de la Gobernaci\u00f3n del estado Bol\u00edvar Dr. Juan Bautista Dalla Costa Soublette, bajo la direcci\u00f3n del maestro especialista Jes\u00fas Medina, interpretando un amplio repertorio musical que deleit\u00f3 a los presentes.<\/p>\n\n\n\n<p>La agrupaci\u00f3n Estrellitas Procere\u00f1as integrada por ni\u00f1os y ni\u00f1as bajo la direcci\u00f3n de Jon\u00e1s P\u00e9rez, puso a bailar al p\u00fablico con los tradicionales aguinaldos. Ni\u00f1os, ni\u00f1as j\u00f3venes y decenas de familias disfrutaron de La Retreta en espacios adornados de la plaza Bol\u00edvar, en lo que fue una tarde diferente.<\/p>\n\n\n\n<p>De acuerdo a la programaci\u00f3n, esta actividad se est\u00e1 realizando desde el primero de noviembre, y se extender\u00e1 al 6 de enero de 2025, todos los viernes de 4:00 a 6:00 de la tarde, con la participaci\u00f3n de invitados especiales, grupos musicales y danc\u00edsticos.<\/p>\n\n\n\n<p>El gobernador \u00c1ngel Marcano a trav\u00e9s de la Secretar\u00eda Cultural, extendi\u00f3 la invitaci\u00f3n a las familias bolivarenses para que disfruten el pr\u00f3ximo viernes 8 de noviembre de la segunda Retreta Cultura, donde habr\u00e1 muchas sorpresas.\u00a0<\/p>\n\n\n\n<p><strong>Prensa Gobernaci\u00f3n de Bol\u00edvar<\/strong><\/p>\n","protected":false},"excerpt":{"rendered":"<p>La gesti\u00f3n cultural del gobernador \u00c1ngel Marcano llen\u00f3 la plaza Bol\u00edvar de Ciudad Bol\u00edvar de alegr\u00eda, m\u00fasica, luces, color y un ambiente navide\u00f1o con La Retreta Cultural, en el marco de las Navidades Felices 2024 decretadas por el presidente Nicol\u00e1s Maduro. La inolvidable velada inici\u00f3 con la participaci\u00f3n de la Banda de Conciertos de la [&hellip;]<\/p>\n","protected":false},"author":2,"featured_media":255399,"comment_status":"closed","ping_status":"closed","sticky":false,"template":"","format":"standard","meta":{"footnotes":""},"categories":[20],"tags":[],"class_list":{"0":"post-255398","1":"post","2":"type-post","3":"status-publish","4":"format-standard","5":"has-post-thumbnail","7":"category-municipal"},"_links":{"self":[{"href":"https:\/\/elluchador.info\/index.php?rest_route=\/wp\/v2\/posts\/255398","targetHints":{"allow":["GET"]}}],"collection":[{"href":"https:\/\/elluchador.info\/index.php?rest_route=\/wp\/v2\/posts"}],"about":[{"href":"https:\/\/elluchador.info\/index.php?rest_route=\/wp\/v2\/types\/post"}],"author":[{"embeddable":true,"href":"https:\/\/elluchador.info\/index.php?rest_route=\/wp\/v2\/users\/2"}],"replies":[{"embeddable":true,"href":"https:\/\/elluchador.info\/index.php?rest_route=%2Fwp%2Fv2%2Fcomments&post=255398"}],"version-history":[{"count":1,"href":"https:\/\/elluchador.info\/index.php?rest_route=\/wp\/v2\/posts\/255398\/revisions"}],"predecessor-version":[{"id":255400,"href":"https:\/\/elluchador.info\/index.php?rest_route=\/wp\/v2\/posts\/255398\/revisions\/255400"}],"wp:featuredmedia":[{"embeddable":true,"href":"https:\/\/elluchador.info\/index.php?rest_route=\/wp\/v2\/media\/255399"}],"wp:attachment":[{"href":"https:\/\/elluchador.info\/index.php?rest_route=%2Fwp%2Fv2%2Fmedia&parent=255398"}],"wp:term":[{"taxonomy":"category","embeddable":true,"href":"https:\/\/elluchador.info\/index.php?rest_route=%2Fwp%2Fv2%2Fcategories&post=255398"},{"taxonomy":"post_tag","embeddable":true,"href":"https:\/\/elluchador.info\/index.php?rest_route=%2Fwp%2Fv2%2Ftags&post=255398"}],"curies":[{"name":"wp","href":"https:\/\/api.w.org\/{rel}","templated":true}]}}