{"id":255401,"date":"2024-11-03T09:20:09","date_gmt":"2024-11-03T13:20:09","guid":{"rendered":"https:\/\/elluchador.info\/?p=255401"},"modified":"2024-11-03T09:20:13","modified_gmt":"2024-11-03T13:20:13","slug":"gobernador-de-bolivar-realizo-encuentro-comunero-en-ud-128","status":"publish","type":"post","link":"https:\/\/elluchador.info\/?p=255401","title":{"rendered":"Gobernador de Bol\u00edvar realiz\u00f3 encuentro comunero en UD-128"},"content":{"rendered":"\n<p>Comuneros de la parroquia 11 de Abril realizaron un encuentro en la cancha del sector UD-128 para compartir las experiencias de los proyectos circuitales que han desarrollado en sus territorios.<\/p>\n\n\n\n<p>La reuni\u00f3n cont\u00f3 con el gobernador del estado Bol\u00edvar, \u00c1ngel Marcano, del alcalde de Caron\u00ed, Tito Oviedo, as\u00ed como de presidentes de las instituciones de los servicios b\u00e1sicos de la Gobernaci\u00f3n de Bol\u00edvar.<\/p>\n\n\n\n<p>El mandatario regional felicit\u00f3 la organizaci\u00f3n de los integrantes de los circuitos comunales de la UD-128, quienes han administrado sus recursos de manera ventajosa.<\/p>\n\n\n\n<p>Aprovech\u00f3 este encuentro para presentar al poder popular el proyecto de construcci\u00f3n del acueducto de la UD-128, el cual producir\u00e1 228 litros por segundo y beneficiar\u00e1 a m\u00e1s de 90 mil habitantes.<\/p>\n\n\n\n<p>\u201cPara finales de febrero del 2025 este acueducto estar\u00e1 culminado y al servicio de nuestra gente de la parroquia 11 de Abril\u201d, a\u00f1adi\u00f3.<\/p>\n\n\n\n<p><strong>Gobierno popular<\/strong><\/p>\n\n\n\n<p>Por su parte, Jes\u00fas D\u00edaz, parlamentario de la comuna El Tim\u00f3n de Piar, detall\u00f3 que existen 122 consejos comunales aglutinados en 10 circuitos comunales, que han ejecutado proyectos en comunidades de la parroquia 11 de Abril.<\/p>\n\n\n\n<p>Entre los culminados est\u00e1 la rehabilitaci\u00f3n de viviendas, ejecutado por la comuna El Tim\u00f3n de Piar, beneficiando a 73 familias. Igualmente, la conformaci\u00f3n de una empresa de servicios donde adquirieron equipos para el ornato de su territorio.<\/p>\n\n\n\n<p><em><strong>Prensa Gobernaci\u00f3n de Bol\u00edvar<\/strong><\/em><\/p>\n","protected":false},"excerpt":{"rendered":"<p>Comuneros de la parroquia 11 de Abril realizaron un encuentro en la cancha del sector UD-128 para compartir las experiencias de los proyectos circuitales que han desarrollado en sus territorios. La reuni\u00f3n cont\u00f3 con el gobernador del estado Bol\u00edvar, \u00c1ngel Marcano, del alcalde de Caron\u00ed, Tito Oviedo, as\u00ed como de presidentes de las instituciones de [&hellip;]<\/p>\n","protected":false},"author":2,"featured_media":255403,"comment_status":"closed","ping_status":"closed","sticky":false,"template":"","format":"standard","meta":{"footnotes":""},"categories":[11,12],"tags":[],"class_list":{"0":"post-255401","1":"post","2":"type-post","3":"status-publish","4":"format-standard","5":"has-post-thumbnail","7":"category-politica","8":"category-regionales"},"_links":{"self":[{"href":"https:\/\/elluchador.info\/index.php?rest_route=\/wp\/v2\/posts\/255401","targetHints":{"allow":["GET"]}}],"collection":[{"href":"https:\/\/elluchador.info\/index.php?rest_route=\/wp\/v2\/posts"}],"about":[{"href":"https:\/\/elluchador.info\/index.php?rest_route=\/wp\/v2\/types\/post"}],"author":[{"embeddable":true,"href":"https:\/\/elluchador.info\/index.php?rest_route=\/wp\/v2\/users\/2"}],"replies":[{"embeddable":true,"href":"https:\/\/elluchador.info\/index.php?rest_route=%2Fwp%2Fv2%2Fcomments&post=255401"}],"version-history":[{"count":1,"href":"https:\/\/elluchador.info\/index.php?rest_route=\/wp\/v2\/posts\/255401\/revisions"}],"predecessor-version":[{"id":255404,"href":"https:\/\/elluchador.info\/index.php?rest_route=\/wp\/v2\/posts\/255401\/revisions\/255404"}],"wp:featuredmedia":[{"embeddable":true,"href":"https:\/\/elluchador.info\/index.php?rest_route=\/wp\/v2\/media\/255403"}],"wp:attachment":[{"href":"https:\/\/elluchador.info\/index.php?rest_route=%2Fwp%2Fv2%2Fmedia&parent=255401"}],"wp:term":[{"taxonomy":"category","embeddable":true,"href":"https:\/\/elluchador.info\/index.php?rest_route=%2Fwp%2Fv2%2Fcategories&post=255401"},{"taxonomy":"post_tag","embeddable":true,"href":"https:\/\/elluchador.info\/index.php?rest_route=%2Fwp%2Fv2%2Ftags&post=255401"}],"curies":[{"name":"wp","href":"https:\/\/api.w.org\/{rel}","templated":true}]}}