{"id":255498,"date":"2024-11-04T06:30:00","date_gmt":"2024-11-04T10:30:00","guid":{"rendered":"https:\/\/elluchador.info\/?p=255498"},"modified":"2024-11-04T06:22:50","modified_gmt":"2024-11-04T10:22:50","slug":"cmdnna-celebra-24to-aniversario-de-su-creacion","status":"publish","type":"post","link":"https:\/\/elluchador.info\/?p=255498","title":{"rendered":"CMDNNA celebra 24to aniversario de su creaci\u00f3n"},"content":{"rendered":"\n<p>En el marco del XXIV aniversario de la creaci\u00f3n del Consejo Municipal de Derechos de los ni\u00f1os, ni\u00f1as y adolescentes de Angostura del Orinoco (CMDNNAAO), el equipo directivo al frente de este organismo protector de los derechos de la infancia y adolescencia, tiene previsto realizar una programaci\u00f3n aniversaria acorde con la magnitud de la importancia de esta fecha conmemorativa.<\/p>\n\n\n\n<p>La licenciada Anadiuska Rodr\u00edguez, presidenta del CMDNNAAO, explica el programa aniversario que se desarrollar\u00e1 a partir del lunes 04 de noviembre, hasta el viernes 08, \u00abse cumplir\u00e1 con un conjunto de actividades en donde se destacar\u00e1n los logros alcanzados por el CMDNNAAO y sobre todo de esta fruct\u00edfera trayectoria de vida a favor de la protecci\u00f3n de la infancia-adolescencia y la familia, siempre en la procura de la garant\u00eda plena de los derechos humanos de los ni\u00f1os, ni\u00f1as y adolescentes del municipio Angostura del Orinoco\u00bb, acot\u00f3.<\/p>\n\n\n\n<p>\u00abEste trabajo se debe a las pol\u00edticas sociales que viene impulsando nuestro alcalde, licenciado Sergio de Jes\u00fas Hern\u00e1ndez, quien ha dispuesto todo lo necesario para el \u00e9xito de estas actividades\u00bb, concluy\u00f3 Rodr\u00edguez.<\/p>\n\n\n<div class=\"wp-block-image\">\n<figure class=\"aligncenter size-full\"><img loading=\"lazy\" decoding=\"async\" width=\"703\" height=\"513\" src=\"https:\/\/elluchador.info\/wp-content\/uploads\/2024\/11\/IMG-20241103-WA0056.jpg\" alt=\"\" class=\"wp-image-255499\" srcset=\"https:\/\/elluchador.info\/wp-content\/uploads\/2024\/11\/IMG-20241103-WA0056.jpg 703w, https:\/\/elluchador.info\/wp-content\/uploads\/2024\/11\/IMG-20241103-WA0056-300x219.jpg 300w, https:\/\/elluchador.info\/wp-content\/uploads\/2024\/11\/IMG-20241103-WA0056-150x109.jpg 150w, https:\/\/elluchador.info\/wp-content\/uploads\/2024\/11\/IMG-20241103-WA0056-696x508.jpg 696w\" sizes=\"auto, (max-width: 703px) 100vw, 703px\" \/><\/figure>\n<\/div>\n\n\n<p>Asimismo Rodr\u00edguez se\u00f1al\u00f3, que el lunes 04 est\u00e1 programada la celebraci\u00f3n de una misa de acci\u00f3n de gracias en la Catedral Metropolitana de Ciudad Bol\u00edvar, a las 9:00 am, \u201ccon el apoyo de nuestras instituciones hermanas, llevaremos a estos ni\u00f1os una actividades con recreadores, gracias a organismos como el Instituto de la juventud, deportes y recreaci\u00f3n municipal, la direcci\u00f3n de educaci\u00f3n municipal, la direcci\u00f3n municipal de cultura\u201d.<\/p>\n\n\n\n<p>\u00abY el d\u00eda martes 5 de noviembre realizaremos una visita importante a distintas instituciones educativas, con el fin de crear un momento para la recreaci\u00f3n y el esparcimiento de nuestros ni\u00f1os y ni\u00f1as de educaci\u00f3n especial\u00bb<\/p>\n\n\n\n<p>Rodr\u00edguez adem\u00e1s inform\u00f3 que el d\u00eda mi\u00e9rcoles 06, la actividad ser\u00e1 un despliegue de nuestros equipos en dos puntos estrat\u00e9gicos de la ciudad como lo es la intersecci\u00f3n semaforizada frente al terminal de pasajeros Tomas de Heres y el Jard\u00edn Bot\u00e1nico, denominada \u201cPancartazo \u201cConoce Los Derechos y Deberes de los Ni\u00f1os, Ni\u00f1as y Adolescentes\u201d.<\/p>\n\n\n\n<p>En esta actividad estaremos acompa\u00f1ados por el Frente Preventivo el cual somos miembros activos y dem\u00e1s organismos de protecci\u00f3n, as\u00ed como integrantes del poder popular del punto y c\u00edrculo.<\/p>\n\n\n\n<p><strong><em><mark style=\"background-color:rgba(0, 0, 0, 0)\" class=\"has-inline-color has-vivid-green-cyan-color\">Prensa CMDNNA<\/mark><\/em><\/strong><\/p>\n","protected":false},"excerpt":{"rendered":"<p>En el marco del XXIV aniversario de la creaci\u00f3n del Consejo Municipal de Derechos de los ni\u00f1os, ni\u00f1as y adolescentes de Angostura del Orinoco (CMDNNAAO), el equipo directivo al frente de este organismo protector de los derechos de la infancia y adolescencia, tiene previsto realizar una programaci\u00f3n aniversaria acorde con la magnitud de la importancia [&hellip;]<\/p>\n","protected":false},"author":33,"featured_media":255500,"comment_status":"closed","ping_status":"closed","sticky":false,"template":"","format":"standard","meta":{"footnotes":""},"categories":[20],"tags":[185,306],"class_list":{"0":"post-255498","1":"post","2":"type-post","3":"status-publish","4":"format-standard","5":"has-post-thumbnail","7":"category-municipal","8":"tag-bolivar","9":"tag-ciudad-bolivar"},"_links":{"self":[{"href":"https:\/\/elluchador.info\/index.php?rest_route=\/wp\/v2\/posts\/255498","targetHints":{"allow":["GET"]}}],"collection":[{"href":"https:\/\/elluchador.info\/index.php?rest_route=\/wp\/v2\/posts"}],"about":[{"href":"https:\/\/elluchador.info\/index.php?rest_route=\/wp\/v2\/types\/post"}],"author":[{"embeddable":true,"href":"https:\/\/elluchador.info\/index.php?rest_route=\/wp\/v2\/users\/33"}],"replies":[{"embeddable":true,"href":"https:\/\/elluchador.info\/index.php?rest_route=%2Fwp%2Fv2%2Fcomments&post=255498"}],"version-history":[{"count":1,"href":"https:\/\/elluchador.info\/index.php?rest_route=\/wp\/v2\/posts\/255498\/revisions"}],"predecessor-version":[{"id":255501,"href":"https:\/\/elluchador.info\/index.php?rest_route=\/wp\/v2\/posts\/255498\/revisions\/255501"}],"wp:featuredmedia":[{"embeddable":true,"href":"https:\/\/elluchador.info\/index.php?rest_route=\/wp\/v2\/media\/255500"}],"wp:attachment":[{"href":"https:\/\/elluchador.info\/index.php?rest_route=%2Fwp%2Fv2%2Fmedia&parent=255498"}],"wp:term":[{"taxonomy":"category","embeddable":true,"href":"https:\/\/elluchador.info\/index.php?rest_route=%2Fwp%2Fv2%2Fcategories&post=255498"},{"taxonomy":"post_tag","embeddable":true,"href":"https:\/\/elluchador.info\/index.php?rest_route=%2Fwp%2Fv2%2Ftags&post=255498"}],"curies":[{"name":"wp","href":"https:\/\/api.w.org\/{rel}","templated":true}]}}