{"id":255546,"date":"2024-11-04T11:39:25","date_gmt":"2024-11-04T15:39:25","guid":{"rendered":"https:\/\/elluchador.info\/?p=255546"},"modified":"2024-11-04T11:39:28","modified_gmt":"2024-11-04T15:39:28","slug":"venezuela-sella-alianza-con-empresa-irani-para-desarrollar-planta-de-fibra-optica","status":"publish","type":"post","link":"https:\/\/elluchador.info\/?p=255546","title":{"rendered":"Venezuela sella alianza con empresa iran\u00ed para desarrollar planta de fibra \u00f3ptica"},"content":{"rendered":"\n<p>El gobierno de Venezuela firm\u00f3 un acuerdo estrat\u00e9gico con la empresa iran\u00ed MDC para comenzar \u201ctrabajos de adecuaci\u00f3n\u201d destinados a la instalaci\u00f3n de una planta de fibra \u00f3ptica en el estado La Guaira, en la regi\u00f3n norte del pa\u00eds, de acuerdo con informaci\u00f3n difundida este domingo por Venezolana de Televisi\u00f3n (VTV). Sin embargo, la emisora estatal no ofreci\u00f3 detalles sobre el tiempo previsto para la ejecuci\u00f3n de esta iniciativa.<\/p>\n\n\n\n<p>Seg\u00fan el gobernador de La Guaira, Jos\u00e9 Alejandro Ter\u00e1n, la nueva planta impulsar\u00e1 la generaci\u00f3n de empleo, diversificar\u00e1 las exportaciones y proveer\u00e1 nuevos insumos tecnol\u00f3gicos para el pa\u00eds. No obstante, no proporcion\u00f3 informaci\u00f3n adicional, seg\u00fan declaraciones recogidas por VTV.<\/p>\n\n\n<div class=\"wp-block-image\">\n<figure class=\"aligncenter size-full is-resized\"><img loading=\"lazy\" decoding=\"async\" width=\"768\" height=\"480\" src=\"https:\/\/elluchador.info\/wp-content\/uploads\/2024\/11\/Firma-Venezuela-Iran-fibra-optica-10-768x480-1.jpg\" alt=\"\" class=\"wp-image-255547\" style=\"width:564px;height:auto\" srcset=\"https:\/\/elluchador.info\/wp-content\/uploads\/2024\/11\/Firma-Venezuela-Iran-fibra-optica-10-768x480-1.jpg 768w, https:\/\/elluchador.info\/wp-content\/uploads\/2024\/11\/Firma-Venezuela-Iran-fibra-optica-10-768x480-1-300x188.jpg 300w, https:\/\/elluchador.info\/wp-content\/uploads\/2024\/11\/Firma-Venezuela-Iran-fibra-optica-10-768x480-1-150x94.jpg 150w, https:\/\/elluchador.info\/wp-content\/uploads\/2024\/11\/Firma-Venezuela-Iran-fibra-optica-10-768x480-1-696x435.jpg 696w\" sizes=\"auto, (max-width: 768px) 100vw, 768px\" \/><\/figure>\n<\/div>\n\n\n<p>Por su parte, el encargado de la Zona Econ\u00f3mica Especial de La Guaira, Marcos Mel\u00e9ndez, comparti\u00f3 en su cuenta de Instagram que \u201ccomienzan los trabajos de arquitectura, ingenier\u00eda y adecuaci\u00f3n\u201d, y estim\u00f3 que para mediados del pr\u00f3ximo a\u00f1o el pa\u00eds contar\u00e1 con \u201cuna nueva empresa tecnol\u00f3gica con vocaci\u00f3n exportadora\u201d.<\/p>\n\n\n\n<p>El convenio fue firmado con la presencia del embajador iran\u00ed en Venezuela, Hojjatolah Soltani; y del ministro iran\u00ed de Tecnolog\u00eda de la Informaci\u00f3n, Seyed Sattar Hashemi, quien lleg\u00f3 al pa\u00eds el pasado viernes con el objetivo de fortalecer la cooperaci\u00f3n bilateral en el \u00e1mbito tecnol\u00f3gico, de acuerdo con VTV.<\/p>\n\n\n<div class=\"wp-block-image\">\n<figure class=\"aligncenter size-full is-resized\"><img loading=\"lazy\" decoding=\"async\" width=\"768\" height=\"480\" src=\"https:\/\/elluchador.info\/wp-content\/uploads\/2024\/11\/Firma-Venezuela-Iran-fibra-optica-10-768x480-2.jpg\" alt=\"\" class=\"wp-image-255548\" style=\"width:600px;height:auto\" srcset=\"https:\/\/elluchador.info\/wp-content\/uploads\/2024\/11\/Firma-Venezuela-Iran-fibra-optica-10-768x480-2.jpg 768w, https:\/\/elluchador.info\/wp-content\/uploads\/2024\/11\/Firma-Venezuela-Iran-fibra-optica-10-768x480-2-300x188.jpg 300w, https:\/\/elluchador.info\/wp-content\/uploads\/2024\/11\/Firma-Venezuela-Iran-fibra-optica-10-768x480-2-150x94.jpg 150w, https:\/\/elluchador.info\/wp-content\/uploads\/2024\/11\/Firma-Venezuela-Iran-fibra-optica-10-768x480-2-696x435.jpg 696w\" sizes=\"auto, (max-width: 768px) 100vw, 768px\" \/><\/figure>\n<\/div>\n\n\n<p>Durante su estad\u00eda, Hashemi se reuni\u00f3 con la ministra de Ciencia y Tecnolog\u00eda de Venezuela, Gabriela Jim\u00e9nez, con quien trat\u00f3 \u201cnuevas agendas de cooperaci\u00f3n cient\u00edfica y tecnol\u00f3gica en materia de telecomunicaciones, transformaci\u00f3n digital e IA (inteligencia artificial)\u201d, seg\u00fan comunic\u00f3 la funcionaria a trav\u00e9s de Telegram.<\/p>\n\n\n\n<p>Con informaci\u00f3n <strong><em><mark style=\"background-color:rgba(0, 0, 0, 0)\" class=\"has-inline-color has-luminous-vivid-amber-color\">AVN<\/mark><\/em><\/strong><\/p>\n","protected":false},"excerpt":{"rendered":"<p>El gobierno de Venezuela firm\u00f3 un acuerdo estrat\u00e9gico con la empresa iran\u00ed MDC para comenzar \u201ctrabajos de adecuaci\u00f3n\u201d destinados a la instalaci\u00f3n de una planta de fibra \u00f3ptica en el estado La Guaira, en la regi\u00f3n norte del pa\u00eds, de acuerdo con informaci\u00f3n difundida este domingo por Venezolana de Televisi\u00f3n (VTV). Sin embargo, la emisora [&hellip;]<\/p>\n","protected":false},"author":33,"featured_media":255549,"comment_status":"closed","ping_status":"closed","sticky":false,"template":"","format":"standard","meta":{"footnotes":""},"categories":[5,9],"tags":[517,186,105],"class_list":{"0":"post-255546","1":"post","2":"type-post","3":"status-publish","4":"format-standard","5":"has-post-thumbnail","7":"category-destacado","8":"category-nacionales","9":"tag-comercios","10":"tag-iran","11":"tag-venezuela"},"_links":{"self":[{"href":"https:\/\/elluchador.info\/index.php?rest_route=\/wp\/v2\/posts\/255546","targetHints":{"allow":["GET"]}}],"collection":[{"href":"https:\/\/elluchador.info\/index.php?rest_route=\/wp\/v2\/posts"}],"about":[{"href":"https:\/\/elluchador.info\/index.php?rest_route=\/wp\/v2\/types\/post"}],"author":[{"embeddable":true,"href":"https:\/\/elluchador.info\/index.php?rest_route=\/wp\/v2\/users\/33"}],"replies":[{"embeddable":true,"href":"https:\/\/elluchador.info\/index.php?rest_route=%2Fwp%2Fv2%2Fcomments&post=255546"}],"version-history":[{"count":1,"href":"https:\/\/elluchador.info\/index.php?rest_route=\/wp\/v2\/posts\/255546\/revisions"}],"predecessor-version":[{"id":255550,"href":"https:\/\/elluchador.info\/index.php?rest_route=\/wp\/v2\/posts\/255546\/revisions\/255550"}],"wp:featuredmedia":[{"embeddable":true,"href":"https:\/\/elluchador.info\/index.php?rest_route=\/wp\/v2\/media\/255549"}],"wp:attachment":[{"href":"https:\/\/elluchador.info\/index.php?rest_route=%2Fwp%2Fv2%2Fmedia&parent=255546"}],"wp:term":[{"taxonomy":"category","embeddable":true,"href":"https:\/\/elluchador.info\/index.php?rest_route=%2Fwp%2Fv2%2Fcategories&post=255546"},{"taxonomy":"post_tag","embeddable":true,"href":"https:\/\/elluchador.info\/index.php?rest_route=%2Fwp%2Fv2%2Ftags&post=255546"}],"curies":[{"name":"wp","href":"https:\/\/api.w.org\/{rel}","templated":true}]}}