{"id":255640,"date":"2024-11-04T19:57:35","date_gmt":"2024-11-04T23:57:35","guid":{"rendered":"https:\/\/elluchador.info\/?p=255640"},"modified":"2024-11-04T20:18:56","modified_gmt":"2024-11-05T00:18:56","slug":"la-tormenta-tropical-rafael-podria-convertir-en-huracan","status":"publish","type":"post","link":"https:\/\/elluchador.info\/?p=255640","title":{"rendered":"La tormenta tropical Rafael podr\u00eda convertirse en hurac\u00e1n"},"content":{"rendered":"\n<p>Este lunes desde el mar Caribe se form\u00f3 la tormenta tropical Rafael, un fen\u00f3meno natural que arras\u00f3 partes del Caribe occidental.<\/p>\n\n\n\n<p>Seg\u00fan el Centro Nacional de Huracanes de Estados Unidos, se estima que Rafael se convierta en hurac\u00e1n y podr\u00eda intensificarse r\u00e1pidamente en las c\u00e1lidas aguas del noroeste del Caribe.<\/p>\n\n\n\n<p>El mi\u00e9rcoles azotar\u00e1 Cuba, posiblemente como hurac\u00e1n de categor\u00eda 2, y luego emerger\u00e1 hacia el Golfo de M\u00e9xico.<\/p>\n\n\n\n<p>Los primeros pron\u00f3sticos del NHC muestran que el centro del sistema llegar\u00e1 a la costa del Golfo de Estados Unidos a finales de este fin de semana en cualquier lugar desde la frontera entre Florida y Alabama hasta Louisiana.<\/p>\n\n\n\n<p>Pero otra posibilidad es que Rafael haga un giro abrupto a la izquierda una vez que ingrese al Golfo. Desde all\u00ed, siga una trayectoria generalmente hacia el oeste y podr\u00eda desintegrarse por completo o tocar tierra en el noreste de M\u00e9xico o en la costa occidental del Golfo.<\/p>\n\n\n\n<p>Con informaci\u00f3n <strong><em><mark style=\"background-color:rgba(0, 0, 0, 0)\" class=\"has-inline-color has-vivid-red-color\">El Universal<\/mark><\/em><\/strong><\/p>\n","protected":false},"excerpt":{"rendered":"<p>Este lunes desde el mar Caribe se form\u00f3 la tormenta tropical Rafael, un fen\u00f3meno natural que arras\u00f3 partes del Caribe occidental. Seg\u00fan el Centro Nacional de Huracanes de Estados Unidos, se estima que Rafael se convierta en hurac\u00e1n y podr\u00eda intensificarse r\u00e1pidamente en las c\u00e1lidas aguas del noroeste del Caribe. El mi\u00e9rcoles azotar\u00e1 Cuba, posiblemente [&hellip;]<\/p>\n","protected":false},"author":33,"featured_media":255641,"comment_status":"closed","ping_status":"closed","sticky":false,"template":"","format":"standard","meta":{"footnotes":""},"categories":[5,9],"tags":[2449,2448,479,105],"class_list":{"0":"post-255640","1":"post","2":"type-post","3":"status-publish","4":"format-standard","5":"has-post-thumbnail","7":"category-destacado","8":"category-nacionales","9":"tag-mar-caribe","10":"tag-rafael","11":"tag-tormenta","12":"tag-venezuela"},"_links":{"self":[{"href":"https:\/\/elluchador.info\/index.php?rest_route=\/wp\/v2\/posts\/255640","targetHints":{"allow":["GET"]}}],"collection":[{"href":"https:\/\/elluchador.info\/index.php?rest_route=\/wp\/v2\/posts"}],"about":[{"href":"https:\/\/elluchador.info\/index.php?rest_route=\/wp\/v2\/types\/post"}],"author":[{"embeddable":true,"href":"https:\/\/elluchador.info\/index.php?rest_route=\/wp\/v2\/users\/33"}],"replies":[{"embeddable":true,"href":"https:\/\/elluchador.info\/index.php?rest_route=%2Fwp%2Fv2%2Fcomments&post=255640"}],"version-history":[{"count":2,"href":"https:\/\/elluchador.info\/index.php?rest_route=\/wp\/v2\/posts\/255640\/revisions"}],"predecessor-version":[{"id":255650,"href":"https:\/\/elluchador.info\/index.php?rest_route=\/wp\/v2\/posts\/255640\/revisions\/255650"}],"wp:featuredmedia":[{"embeddable":true,"href":"https:\/\/elluchador.info\/index.php?rest_route=\/wp\/v2\/media\/255641"}],"wp:attachment":[{"href":"https:\/\/elluchador.info\/index.php?rest_route=%2Fwp%2Fv2%2Fmedia&parent=255640"}],"wp:term":[{"taxonomy":"category","embeddable":true,"href":"https:\/\/elluchador.info\/index.php?rest_route=%2Fwp%2Fv2%2Fcategories&post=255640"},{"taxonomy":"post_tag","embeddable":true,"href":"https:\/\/elluchador.info\/index.php?rest_route=%2Fwp%2Fv2%2Ftags&post=255640"}],"curies":[{"name":"wp","href":"https:\/\/api.w.org\/{rel}","templated":true}]}}