{"id":255855,"date":"2024-11-06T14:50:34","date_gmt":"2024-11-06T18:50:34","guid":{"rendered":"https:\/\/elluchador.info\/?p=255855"},"modified":"2024-11-06T14:50:41","modified_gmt":"2024-11-06T18:50:41","slug":"centros-comerciales-esperan-aumento-de-ventas-por-black-friday-y-navidad","status":"publish","type":"post","link":"https:\/\/elluchador.info\/?p=255855","title":{"rendered":"Centros comerciales esperan aumento de ventas por \u2018Black Friday\u2019 y Navidad"},"content":{"rendered":"\n<p>La directora de la C\u00e1mara Venezolana de Centros Comerciales (Cavececo), Claudia Itriago, espera que las ventas y el alza de personas se incrementen durante la temporada decembrina y ante el Black Friday.<\/p>\n\n\n\n<p>En entrevista para Uni\u00f3n Radio, la representante acot\u00f3 que desea que aumenten las visitas a los centros comerciales.<\/p>\n\n\n\n<p>\u201cLos centros comerciales tienen distintas tiendas, distintos presupuestos, de acuerdo a lo que te puedas adaptar. Las ventas quedan a criterio del comercio, nosotros no los obligamos. Los centros comerciales no obligan a un porcentaje en espec\u00edfico, y no todos se suman al Black Friday\u201c, dijo.<\/p>\n\n\n\n<p>Resalt\u00f3 que los centros comerciales comenzaron a decorar sus espacios, poner las luces, el arbolito navide\u00f1o y organizar actividades culturales con agrupaciones de gaita.<\/p>\n\n\n\n<p>Itriago coment\u00f3 que la \u00faltima semana de noviembre se extender\u00e1n los horarios para que los usuarios puedan realizar sus compras navide\u00f1as.<\/p>\n\n\n\n<p>Con informaci\u00f3n de <strong><em><mark style=\"background-color:rgba(0, 0, 0, 0)\" class=\"has-inline-color has-luminous-vivid-orange-color\">Uni\u00f3n Radio<\/mark><\/em><\/strong><\/p>\n","protected":false},"excerpt":{"rendered":"<p>La directora de la C\u00e1mara Venezolana de Centros Comerciales (Cavececo), Claudia Itriago, espera que las ventas y el alza de personas se incrementen durante la temporada decembrina y ante el Black Friday. En entrevista para Uni\u00f3n Radio, la representante acot\u00f3 que desea que aumenten las visitas a los centros comerciales. \u201cLos centros comerciales tienen distintas [&hellip;]<\/p>\n","protected":false},"author":33,"featured_media":255856,"comment_status":"closed","ping_status":"closed","sticky":false,"template":"","format":"standard","meta":{"footnotes":""},"categories":[5,6],"tags":[2460,351,105],"class_list":{"0":"post-255855","1":"post","2":"type-post","3":"status-publish","4":"format-standard","5":"has-post-thumbnail","7":"category-destacado","8":"category-economia","9":"tag-comerciales","10":"tag-economia","11":"tag-venezuela"},"_links":{"self":[{"href":"https:\/\/elluchador.info\/index.php?rest_route=\/wp\/v2\/posts\/255855","targetHints":{"allow":["GET"]}}],"collection":[{"href":"https:\/\/elluchador.info\/index.php?rest_route=\/wp\/v2\/posts"}],"about":[{"href":"https:\/\/elluchador.info\/index.php?rest_route=\/wp\/v2\/types\/post"}],"author":[{"embeddable":true,"href":"https:\/\/elluchador.info\/index.php?rest_route=\/wp\/v2\/users\/33"}],"replies":[{"embeddable":true,"href":"https:\/\/elluchador.info\/index.php?rest_route=%2Fwp%2Fv2%2Fcomments&post=255855"}],"version-history":[{"count":1,"href":"https:\/\/elluchador.info\/index.php?rest_route=\/wp\/v2\/posts\/255855\/revisions"}],"predecessor-version":[{"id":255857,"href":"https:\/\/elluchador.info\/index.php?rest_route=\/wp\/v2\/posts\/255855\/revisions\/255857"}],"wp:featuredmedia":[{"embeddable":true,"href":"https:\/\/elluchador.info\/index.php?rest_route=\/wp\/v2\/media\/255856"}],"wp:attachment":[{"href":"https:\/\/elluchador.info\/index.php?rest_route=%2Fwp%2Fv2%2Fmedia&parent=255855"}],"wp:term":[{"taxonomy":"category","embeddable":true,"href":"https:\/\/elluchador.info\/index.php?rest_route=%2Fwp%2Fv2%2Fcategories&post=255855"},{"taxonomy":"post_tag","embeddable":true,"href":"https:\/\/elluchador.info\/index.php?rest_route=%2Fwp%2Fv2%2Ftags&post=255855"}],"curies":[{"name":"wp","href":"https:\/\/api.w.org\/{rel}","templated":true}]}}