{"id":256655,"date":"2024-11-13T12:46:39","date_gmt":"2024-11-13T16:46:39","guid":{"rendered":"https:\/\/elluchador.info\/?p=256655"},"modified":"2024-11-13T12:55:49","modified_gmt":"2024-11-13T16:55:49","slug":"confirman-condena-de-seis-anos-de-prision-e-inhabilitacion-a-cristina-fernandez","status":"publish","type":"post","link":"https:\/\/elluchador.info\/?p=256655","title":{"rendered":"Confirman condena de seis a\u00f1os de prisi\u00f3n e inhabilitaci\u00f3n a Cristina Fern\u00e1ndez"},"content":{"rendered":"\n<p>La C\u00e1mara Federal de Casaci\u00f3n de Argentina confirm\u00f3 este mi\u00e9rcoles la condena de seis a\u00f1os de prisi\u00f3n e inhabilitaci\u00f3n perpetua para ejercer cargos p\u00fablicos en contra de la expresidenta Cristina Fern\u00e1ndez de Kirchner, por delitos de corrupci\u00f3n.<\/p>\n\n\n\n<p>Este es el fallo de segunda instancia que enfrenta la exmandataria, a quien ya solo le queda la alternativa de apelar ante la Corte Suprema de Justicia para tratar de revertir una sentencia hist\u00f3rica que complica su futuro pol\u00edtico.<\/p>\n\n\n\n<p>\u00abLa &#8216;Causa Vialidad&#8217; empez\u00f3 como un show y va a terminar de la misma manera (\u2026) no existi\u00f3 ni una sola prueba en mi contra\u00bb, advirti\u00f3 Fern\u00e1ndez de Kirchner la v\u00edspera, a sabiendas de que el tribunal rechazar\u00eda su demanda de anular la condena.<\/p>\n\n\n\n<p>El \u00fanico objetivo del proceso, agreg\u00f3, es que nunca m\u00e1s vuelva a ocupar cargos p\u00fablicos. \u00abLisa y llanamente proscripci\u00f3n de por vida\u00bb, afirm\u00f3 en una carta en la que calific\u00f3 al juicio como \u00abun zafarrancho\u00bb del \u00abpartido judicial\u00bb que en toda Am\u00e9rica Latina ha perseguido a l\u00edderes de gobiernos populares, nacionales y democr\u00e1ticos como Luiz Inacio Lula da Silva (Brasil), Evo Morales (Bolivia) y Rafael Correa (Ecuador).<\/p>\n\n\n\n<p>\u00abSepan que hagan lo que hagan, no van a hacerme callar. No fui ni ser\u00e9 nunca mascota del poder\u00bb, asegur\u00f3 al rechazar las imputaciones en su contra y adjudicarlas a una persecuci\u00f3n.<\/p>\n\n\n\n<p>La condena de Casaci\u00f3n solo se har\u00e1 efectiva si es ratificada por la Corte Suprema, el m\u00e1ximo \u00f3rgano de justicia que suele demorar a\u00f1os en este tipo de fallos. Por eso, Fern\u00e1ndez de Kirchner no corre peligro de ser detenida de inmediato, adem\u00e1s de que, si as\u00ed lo desea, se podr\u00e1 postular en las elecciones legislativas de 2025. En el peor de los casos, cumplir\u00eda prisi\u00f3n domiciliaria, ya que es un beneficio que obtienen las personas mayores de 70 a\u00f1os.<\/p>\n\n\n\n<p><strong>La causa<\/strong><\/p>\n\n\n\n<p>La expresidenta fue condenada el 6 de diciembre de 2022, al t\u00e9rmino de un juicio que dur\u00f3 tres a\u00f1os y medio, en el que hubo 13 imputados, m\u00e1s de 100 testigos y varios esc\u00e1ndalos y denuncias de parcialidad por parte de los funcionarios judiciales.<\/p>\n\n\n\n<p>En ese proceso, los fiscales pidieron una pena de 12 a\u00f1os, pero los jueces consideraron que bastaba la mitad, ya que la absolvieron por el delito de \u00abasociaci\u00f3n il\u00edcita\u00bb y solo la consideraron culpable de \u00abadministraci\u00f3n fraudulenta en perjuicio de la administraci\u00f3n p\u00fablica\u00bb.<\/p>\n\n\n\n<p>Todo ello ocurri\u00f3 en el marco de lo que la prensa bautiz\u00f3 como causa &#8216;Vialidad&#8217;, en la que se acus\u00f3 a Fern\u00e1ndez de Kirchner de haber encabezado una asociaci\u00f3n il\u00edcita que, durante sus dos gobiernos (2007-2015) y el de su fallecido esposo y antecesor, N\u00e9stor Kirchner (2003-2007), favoreci\u00f3 con millonarios fondos de obras p\u00fablicas al empresario L\u00e1zaro B\u00e1ez, quien era amigo y socio de la pareja.<\/p>\n\n\n\n<p>En el juicio, adem\u00e1s de Fern\u00e1ndez de Kirchner y de B\u00e1ez, hubo otros 11 acusados, de los cuales cuatro fueron absueltos: el exministro de Planificaci\u00f3n, Julio De Vido; los exsubsecretarios de Obras P\u00fablicas, Abel Fatala y Carlos Kirchner; y el exfuncionario de Vialidad, H\u00e9ctor Garro.<\/p>\n\n\n\n<p>Con informaci\u00f3n <strong><em><mark style=\"background-color:rgba(0, 0, 0, 0)\" class=\"has-inline-color has-vivid-green-cyan-color\">Actualidad RT<\/mark><\/em><\/strong><\/p>\n","protected":false},"excerpt":{"rendered":"<p>La C\u00e1mara Federal de Casaci\u00f3n de Argentina confirm\u00f3 este mi\u00e9rcoles la condena de seis a\u00f1os de prisi\u00f3n e inhabilitaci\u00f3n perpetua para ejercer cargos p\u00fablicos en contra de la expresidenta Cristina Fern\u00e1ndez de Kirchner, por delitos de corrupci\u00f3n. Este es el fallo de segunda instancia que enfrenta la exmandataria, a quien ya solo le queda la [&hellip;]<\/p>\n","protected":false},"author":33,"featured_media":256656,"comment_status":"closed","ping_status":"closed","sticky":false,"template":"","format":"standard","meta":{"footnotes":""},"categories":[5,8],"tags":[540,2489],"class_list":{"0":"post-256655","1":"post","2":"type-post","3":"status-publish","4":"format-standard","5":"has-post-thumbnail","7":"category-destacado","8":"category-internacionales","9":"tag-argentina","10":"tag-prision"},"_links":{"self":[{"href":"https:\/\/elluchador.info\/index.php?rest_route=\/wp\/v2\/posts\/256655","targetHints":{"allow":["GET"]}}],"collection":[{"href":"https:\/\/elluchador.info\/index.php?rest_route=\/wp\/v2\/posts"}],"about":[{"href":"https:\/\/elluchador.info\/index.php?rest_route=\/wp\/v2\/types\/post"}],"author":[{"embeddable":true,"href":"https:\/\/elluchador.info\/index.php?rest_route=\/wp\/v2\/users\/33"}],"replies":[{"embeddable":true,"href":"https:\/\/elluchador.info\/index.php?rest_route=%2Fwp%2Fv2%2Fcomments&post=256655"}],"version-history":[{"count":2,"href":"https:\/\/elluchador.info\/index.php?rest_route=\/wp\/v2\/posts\/256655\/revisions"}],"predecessor-version":[{"id":256658,"href":"https:\/\/elluchador.info\/index.php?rest_route=\/wp\/v2\/posts\/256655\/revisions\/256658"}],"wp:featuredmedia":[{"embeddable":true,"href":"https:\/\/elluchador.info\/index.php?rest_route=\/wp\/v2\/media\/256656"}],"wp:attachment":[{"href":"https:\/\/elluchador.info\/index.php?rest_route=%2Fwp%2Fv2%2Fmedia&parent=256655"}],"wp:term":[{"taxonomy":"category","embeddable":true,"href":"https:\/\/elluchador.info\/index.php?rest_route=%2Fwp%2Fv2%2Fcategories&post=256655"},{"taxonomy":"post_tag","embeddable":true,"href":"https:\/\/elluchador.info\/index.php?rest_route=%2Fwp%2Fv2%2Ftags&post=256655"}],"curies":[{"name":"wp","href":"https:\/\/api.w.org\/{rel}","templated":true}]}}