{"id":256664,"date":"2024-11-13T14:10:14","date_gmt":"2024-11-13T18:10:14","guid":{"rendered":"https:\/\/elluchador.info\/?p=256664"},"modified":"2024-11-13T14:10:19","modified_gmt":"2024-11-13T18:10:19","slug":"trump-y-biden-se-reunen-en-la-casa-blanca","status":"publish","type":"post","link":"https:\/\/elluchador.info\/?p=256664","title":{"rendered":"Trump y Biden se re\u00fanen en la Casa Blanca"},"content":{"rendered":"\n<p>Donald Trump y Joe Biden se han reunido este mi\u00e9rcoles en la Oficina Oval, poco m\u00e1s de una semana despu\u00e9s de que se celebraran las elecciones presidenciales en Estados Unidos.<\/p>\n\n\n\n<p>Durante el encuentro, ambos l\u00edderes se dieron la mano y se sentaron junto a una chimenea. \u00abLa pol\u00edtica es dura y en muchos casos no es un mundo agradable\u00bb, se\u00f1al\u00f3 Trump al agregar que, por lo contrario, hoy lo es.<\/p>\n\n\n\n<p>Biden felicit\u00f3 a Trump, a quien sucedi\u00f3 y ahora lo reemplazar\u00e1 en la Casa Blanca, expresando que desea que la transici\u00f3n de poderes transcurra sin problemas. \u00abBien, se\u00f1or presidente electo Donald, felicitaciones\u00bb, dijo el actual mandatario. \u00abEspero que la transici\u00f3n sea fluida\u00bb, manifest\u00f3.<\/p>\n\n\n\n<p>\u00abTodo ir\u00e1 tan bien como sea posible y te lo agradezco mucho, Joe\u00bb, respondi\u00f3 Trump.<\/p>\n\n\n\n<p>Melania Trump no acudi\u00f3 a la reuni\u00f3n, mientras Jill Biden se uni\u00f3 al encuentro para saludar al pr\u00f3ximo jefe de Estado. Le entreg\u00f3 una carta de felicitaci\u00f3n para Melania en la que expresaba la disposici\u00f3n de su equipo para ayudar con la transici\u00f3n.<\/p>\n\n\n\n<p>La prensa fue expulsada de la sala aproximadamente unos minutos despu\u00e9s del inicio de la reuni\u00f3n, que a continuaci\u00f3n se celebr\u00f3 a puertas cerradas.<\/p>\n\n\n\n<p>Con informaci\u00f3n <strong><em><mark style=\"background-color:rgba(0, 0, 0, 0)\" class=\"has-inline-color has-vivid-green-cyan-color\">AFP<\/mark><\/em><\/strong><\/p>\n","protected":false},"excerpt":{"rendered":"<p>Donald Trump y Joe Biden se han reunido este mi\u00e9rcoles en la Oficina Oval, poco m\u00e1s de una semana despu\u00e9s de que se celebraran las elecciones presidenciales en Estados Unidos. Durante el encuentro, ambos l\u00edderes se dieron la mano y se sentaron junto a una chimenea. \u00abLa pol\u00edtica es dura y en muchos casos no [&hellip;]<\/p>\n","protected":false},"author":33,"featured_media":256665,"comment_status":"closed","ping_status":"closed","sticky":false,"template":"","format":"standard","meta":{"footnotes":""},"categories":[5,8],"tags":[839,2491,42],"class_list":{"0":"post-256664","1":"post","2":"type-post","3":"status-publish","4":"format-standard","5":"has-post-thumbnail","7":"category-destacado","8":"category-internacionales","9":"tag-biden","10":"tag-encuentro","11":"tag-trump"},"_links":{"self":[{"href":"https:\/\/elluchador.info\/index.php?rest_route=\/wp\/v2\/posts\/256664","targetHints":{"allow":["GET"]}}],"collection":[{"href":"https:\/\/elluchador.info\/index.php?rest_route=\/wp\/v2\/posts"}],"about":[{"href":"https:\/\/elluchador.info\/index.php?rest_route=\/wp\/v2\/types\/post"}],"author":[{"embeddable":true,"href":"https:\/\/elluchador.info\/index.php?rest_route=\/wp\/v2\/users\/33"}],"replies":[{"embeddable":true,"href":"https:\/\/elluchador.info\/index.php?rest_route=%2Fwp%2Fv2%2Fcomments&post=256664"}],"version-history":[{"count":1,"href":"https:\/\/elluchador.info\/index.php?rest_route=\/wp\/v2\/posts\/256664\/revisions"}],"predecessor-version":[{"id":256666,"href":"https:\/\/elluchador.info\/index.php?rest_route=\/wp\/v2\/posts\/256664\/revisions\/256666"}],"wp:featuredmedia":[{"embeddable":true,"href":"https:\/\/elluchador.info\/index.php?rest_route=\/wp\/v2\/media\/256665"}],"wp:attachment":[{"href":"https:\/\/elluchador.info\/index.php?rest_route=%2Fwp%2Fv2%2Fmedia&parent=256664"}],"wp:term":[{"taxonomy":"category","embeddable":true,"href":"https:\/\/elluchador.info\/index.php?rest_route=%2Fwp%2Fv2%2Fcategories&post=256664"},{"taxonomy":"post_tag","embeddable":true,"href":"https:\/\/elluchador.info\/index.php?rest_route=%2Fwp%2Fv2%2Ftags&post=256664"}],"curies":[{"name":"wp","href":"https:\/\/api.w.org\/{rel}","templated":true}]}}