{"id":256965,"date":"2024-11-16T08:35:56","date_gmt":"2024-11-16T12:35:56","guid":{"rendered":"https:\/\/elluchador.info\/?p=256965"},"modified":"2024-11-16T08:36:57","modified_gmt":"2024-11-16T12:36:57","slug":"este-sabado-el-paseo-caroni-llegara-la-navidad","status":"publish","type":"post","link":"https:\/\/elluchador.info\/?p=256965","title":{"rendered":"Este s\u00e1bado llegar\u00e1 la Navidad al Paseo Caron\u00ed"},"content":{"rendered":"\n<p>Por cuarto a\u00f1o consecutivo, el Paseo Caron\u00ed de Ciudad Guayana se va a iluminar en ocasi\u00f3n de la Navidad con un emotivo encuentro organizado por la alcald\u00eda  de Caron\u00ed dirigido a la familia guayacitana.<\/p>\n\n\n\n<p>Como en cada edici\u00f3n, hermosas figuras elaboradas con esmero por los trabajadores de la municipalidad ser\u00e1n encendidas para transformar este lugar con la belleza de la Navidad, en exaltaci\u00f3n de la paz, el amor, el encuentro familiar y la fraternidad que une a los venezolanos.<\/p>\n\n\n<div class=\"wp-block-image\">\n<figure class=\"alignleft size-large is-resized\"><img loading=\"lazy\" decoding=\"async\" width=\"576\" height=\"1024\" src=\"https:\/\/elluchador.info\/wp-content\/uploads\/2024\/11\/IMG_20241114_173703_339-576x1024.jpg\" alt=\"\" class=\"wp-image-256966\" style=\"width:192px;height:auto\" srcset=\"https:\/\/elluchador.info\/wp-content\/uploads\/2024\/11\/IMG_20241114_173703_339-576x1024.jpg 576w, https:\/\/elluchador.info\/wp-content\/uploads\/2024\/11\/IMG_20241114_173703_339-169x300.jpg 169w, https:\/\/elluchador.info\/wp-content\/uploads\/2024\/11\/IMG_20241114_173703_339-150x267.jpg 150w, https:\/\/elluchador.info\/wp-content\/uploads\/2024\/11\/IMG_20241114_173703_339-300x533.jpg 300w, https:\/\/elluchador.info\/wp-content\/uploads\/2024\/11\/IMG_20241114_173703_339-696x1237.jpg 696w, https:\/\/elluchador.info\/wp-content\/uploads\/2024\/11\/IMG_20241114_173703_339.jpg 720w\" sizes=\"auto, (max-width: 576px) 100vw, 576px\" \/><\/figure>\n<\/div>\n\n\n<p>La alcald\u00eda invita a todos a disfrutar de este tradicional encendido a partir de las 5 p.m. de este s\u00e1bado, 16 de noviembre, el cual contar\u00e1 con la presentaci\u00f3n de agrupaciones y artistas locales, fuegos artificiales y otras sorpresas.<\/p>\n\n\n\n<p><strong><em><mark style=\"background-color:rgba(0, 0, 0, 0)\" class=\"has-inline-color has-vivid-purple-color\">Tradici\u00f3n<\/mark><\/em><\/strong><\/p>\n\n\n\n<p>En la v\u00edspera de la Navidad, Ciudad Guayana se llena de luces mostrando la esencia venezolana y regional, la Alcald\u00eda Bolivariana de Caron\u00ed ha consolidado esta tradici\u00f3n junto a sus trabajadores, quienes cada a\u00f1o sorprenden a la poblaci\u00f3n con nuevas y llamativas estructuras, de gran significado, mostrando en ellas la devoci\u00f3n, fe en Dios y lo emblem\u00e1tico de esta tierra.<\/p>\n\n\n\n<p>La Plaza Bicentenaria del Cerro El Gallo es la primera en encenderse, ofreciendo un espect\u00e1culo multicolor que es visitado por locales y for\u00e1neos hasta culminar las fiestas.&nbsp;<\/p>\n\n\n\n<p>El Paseo Caron\u00ed se sum\u00f3 a esta tradici\u00f3n y con igual inter\u00e9s es otro de los encendidos m\u00e1s esperados, impactante por sus 2 kil\u00f3metros de extensi\u00f3n que se iluminan al caer la tarde.<\/p>\n\n\n\n<p><strong><em><mark style=\"background-color:rgba(0, 0, 0, 0)\" class=\"has-inline-color has-luminous-vivid-orange-color\">Prensa Alcald\u00eda de Caron\u00ed<\/mark><\/em><\/strong> <\/p>\n","protected":false},"excerpt":{"rendered":"<p>Por cuarto a\u00f1o consecutivo, el Paseo Caron\u00ed de Ciudad Guayana se va a iluminar en ocasi\u00f3n de la Navidad con un emotivo encuentro organizado por la alcald\u00eda de Caron\u00ed dirigido a la familia guayacitana. Como en cada edici\u00f3n, hermosas figuras elaboradas con esmero por los trabajadores de la municipalidad ser\u00e1n encendidas para transformar este lugar [&hellip;]<\/p>\n","protected":false},"author":33,"featured_media":256967,"comment_status":"closed","ping_status":"closed","sticky":false,"template":"","format":"standard","meta":{"footnotes":""},"categories":[5,12],"tags":[1178],"class_list":{"0":"post-256965","1":"post","2":"type-post","3":"status-publish","4":"format-standard","5":"has-post-thumbnail","7":"category-destacado","8":"category-regionales","9":"tag-ciudad-guayana"},"_links":{"self":[{"href":"https:\/\/elluchador.info\/index.php?rest_route=\/wp\/v2\/posts\/256965","targetHints":{"allow":["GET"]}}],"collection":[{"href":"https:\/\/elluchador.info\/index.php?rest_route=\/wp\/v2\/posts"}],"about":[{"href":"https:\/\/elluchador.info\/index.php?rest_route=\/wp\/v2\/types\/post"}],"author":[{"embeddable":true,"href":"https:\/\/elluchador.info\/index.php?rest_route=\/wp\/v2\/users\/33"}],"replies":[{"embeddable":true,"href":"https:\/\/elluchador.info\/index.php?rest_route=%2Fwp%2Fv2%2Fcomments&post=256965"}],"version-history":[{"count":2,"href":"https:\/\/elluchador.info\/index.php?rest_route=\/wp\/v2\/posts\/256965\/revisions"}],"predecessor-version":[{"id":256970,"href":"https:\/\/elluchador.info\/index.php?rest_route=\/wp\/v2\/posts\/256965\/revisions\/256970"}],"wp:featuredmedia":[{"embeddable":true,"href":"https:\/\/elluchador.info\/index.php?rest_route=\/wp\/v2\/media\/256967"}],"wp:attachment":[{"href":"https:\/\/elluchador.info\/index.php?rest_route=%2Fwp%2Fv2%2Fmedia&parent=256965"}],"wp:term":[{"taxonomy":"category","embeddable":true,"href":"https:\/\/elluchador.info\/index.php?rest_route=%2Fwp%2Fv2%2Fcategories&post=256965"},{"taxonomy":"post_tag","embeddable":true,"href":"https:\/\/elluchador.info\/index.php?rest_route=%2Fwp%2Fv2%2Ftags&post=256965"}],"curies":[{"name":"wp","href":"https:\/\/api.w.org\/{rel}","templated":true}]}}